{"id":14207,"date":"2023-11-13T12:49:43","date_gmt":"2023-11-13T09:49:43","guid":{"rendered":"https:\/\/drept.usm.md\/?p=14207"},"modified":"2023-11-13T12:49:43","modified_gmt":"2023-11-13T09:49:43","slug":"facultatea-de-drept-a-participat-la-o-expozitie-de-carte-organizata-de-universitatea-de-stat-din-moldova-cu-prilejul-zilei-internationale-a-stiintei-pentru-pace-si-dezvoltare","status":"publish","type":"post","link":"https:\/\/drept.usm.md\/?p=14207","title":{"rendered":"Facultatea de Drept a participat la o expozi\u021bie de carte organizat\u0103 de Universitatea de Stat din Moldova cu prilejul \u201eZilei Interna\u021bionale a \u0218tiin\u021bei pentru Pace \u0219i Dezvoltare\u201d."},"content":{"rendered":"<p><\/p>\n<div class=\"xdj266r x11i5rnm xat24cr x1mh8g0r x1vvkbs x126k92a\">\n<div dir=\"auto\">Facultatea de Drept a participat la o expozi\u021bie de carte organizat\u0103 de Universitatea de Stat din Moldova cu prilejul \u201eZilei Interna\u021bionale a \u0218tiin\u021bei pentru Pace \u0219i Dezvoltare\u201d.<\/div>\n<\/div>\n<div class=\"x11i5rnm xat24cr x1mh8g0r x1vvkbs xtlvy1s x126k92a\">\n<div dir=\"auto\">Ast\u0103zi, 09.11.2023 Facultatea de Drept a expus cele mai noi lucr\u0103rii \u0219tiin\u021bifice \u0219i didactice \u00een cadrul expozi\u021biei universitare, organizate cu prilejul \u201eZilei Interna\u021bionale a \u0218tiin\u021bei pentru Pace \u0219i Dezvoltare\u201d.<\/div>\n<\/div>\n<div class=\"x11i5rnm xat24cr x1mh8g0r x1vvkbs xtlvy1s x126k92a\">\n<div dir=\"auto\">Evenimentul s-a desf\u0103\u0219urat \u00een incinta blocului central al USM, \u00een hol, unde lumea academic\u0103 \u0219i al\u021bi doritori au avut posibilitatea s\u0103 descopere eforturile comunit\u0103\u021bii \u0219tiin\u021bifice din domeniul dreptului pentru realizarea unei lumi mai corecte, \u00een care fiin\u021ba uman\u0103 s\u0103 simt\u0103 c\u0103 este tratat\u0103 \u00een aria legalit\u0103\u021bii \u0219i drept\u0103\u021bii.<\/div>\n<div dir=\"auto\">Expozi\u021bia a inclus \u0219i o serie de c\u0103r\u021bi, tratate noi, materiale ale conferin\u021belor publicate la Facultatea de Drept a USM, \u0219i \u00eenscrisuri emise sub egida universit\u0103\u021bii (diplome, acte de studii, banere, etc.).<\/div>\n<div dir=\"auto\">Prezen\u021bi la eveniment, decanul facult\u0103\u021bii, prodecanii, \u0219efi de departamente, profesori universitari, studen\u021bii au apreciat importan\u021ba unor astfel de evenimente, care scot \u00een eviden\u021b\u0103 munca asidu\u0103 a cadrelor didactice la elaborarea surselor de inspira\u021bie pentru cei care vor s\u0103 devin\u0103 sau au devenit juri\u0219ti.<\/div>\n<div dir=\"auto\"><img fetchpriority=\"high\" decoding=\"async\" class=\"alignnone size-medium wp-image-14208\" src=\"https:\/\/drept.usm.md\/wp-content\/uploads\/399654299_1094140395317251_6657125002551431403_n-300x200.jpg\" alt=\"\" width=\"300\" height=\"200\" \/> <img decoding=\"async\" class=\"alignnone size-medium wp-image-14209\" src=\"https:\/\/drept.usm.md\/wp-content\/uploads\/399686100_1094140261983931_4073058586171674884_n-300x200.jpg\" alt=\"\" width=\"300\" height=\"200\" \/> <img decoding=\"async\" class=\"alignnone size-medium wp-image-14210\" src=\"https:\/\/drept.usm.md\/wp-content\/uploads\/401213484_1094140195317271_3772913574813051728_n-300x200.jpg\" alt=\"\" width=\"300\" height=\"200\" \/> <img loading=\"lazy\" decoding=\"async\" class=\"alignnone size-medium wp-image-14211\" src=\"https:\/\/drept.usm.md\/wp-content\/uploads\/399687297_1094140241983933_6594144795548449600_n-300x200.jpg\" alt=\"\" width=\"300\" height=\"200\" \/> <img loading=\"lazy\" decoding=\"async\" class=\"alignnone size-medium wp-image-14212\" src=\"https:\/\/drept.usm.md\/wp-content\/uploads\/400030718_1094140225317268_7094012999198717724_n-300x200.jpg\" alt=\"\" width=\"300\" height=\"200\" \/><\/div>\n<\/div>\n<p><\/p>","protected":false},"excerpt":{"rendered":"<p>Facultatea de Drept a participat la o expozi\u021bie de carte organizat\u0103 de Universitatea de Stat din Moldova cu prilejul \u201eZilei Interna\u021bionale a \u0218tiin\u021bei pentru Pace \u0219i Dezvoltare\u201d. Ast\u0103zi, 09.11.2023 Facultatea de Drept a expus cele mai noi lucr\u0103rii \u0219tiin\u021bifice \u0219i didactice \u00een cadrul expozi\u021biei universitare, organizate cu prilejul \u201eZilei Interna\u021bionale a \u0218tiin\u021bei pentru Pace \u0219i&hellip; <br \/> <a class=\"read-more\" href=\"https:\/\/drept.usm.md\/?p=14207\">Cite\u0219te mai mult<\/a><\/p>\n","protected":false},"author":1,"featured_media":14212,"comment_status":"closed","ping_status":"closed","sticky":false,"template":"","format":"standard","meta":{"wp_social_preview_title":"","wp_social_preview_description":"","wp_social_preview_image":0,"footnotes":""},"categories":[4],"tags":[],"class_list":["post-14207","post","type-post","status-publish","format-standard","has-post-thumbnail","hentry","category-evenimente"],"rttpg_featured_image_url":{"full":["https:\/\/drept.usm.md\/wp-content\/uploads\/400030718_1094140225317268_7094012999198717724_n.jpg",2048,1365,false],"landscape":["https:\/\/drept.usm.md\/wp-content\/uploads\/400030718_1094140225317268_7094012999198717724_n.jpg",2048,1365,false],"portraits":["https:\/\/drept.usm.md\/wp-content\/uploads\/400030718_1094140225317268_7094012999198717724_n.jpg",2048,1365,false],"thumbnail":["https:\/\/drept.usm.md\/wp-content\/uploads\/400030718_1094140225317268_7094012999198717724_n-150x150.jpg",150,150,true],"medium":["https:\/\/drept.usm.md\/wp-content\/uploads\/400030718_1094140225317268_7094012999198717724_n-300x200.jpg",300,200,true],"large":["https:\/\/drept.usm.md\/wp-content\/uploads\/400030718_1094140225317268_7094012999198717724_n-1024x683.jpg",1024,683,true],"1536x1536":["https:\/\/drept.usm.md\/wp-content\/uploads\/400030718_1094140225317268_7094012999198717724_n-1536x1024.jpg",1536,1024,true],"2048x2048":["https:\/\/drept.usm.md\/wp-content\/uploads\/400030718_1094140225317268_7094012999198717724_n.jpg",2048,1365,false],"htmega_size_585x295":["https:\/\/drept.usm.md\/wp-content\/uploads\/400030718_1094140225317268_7094012999198717724_n-585x295.jpg",585,295,true],"htmega_size_1170x536":["https:\/\/drept.usm.md\/wp-content\/uploads\/400030718_1094140225317268_7094012999198717724_n-1170x536.jpg",1170,536,true],"htmega_size_396x360":["https:\/\/drept.usm.md\/wp-content\/uploads\/400030718_1094140225317268_7094012999198717724_n-396x360.jpg",396,360,true],"post-thumbnail":["https:\/\/drept.usm.md\/wp-content\/uploads\/400030718_1094140225317268_7094012999198717724_n-1024x683.jpg",1024,683,true],"mesmerize-full-hd":["https:\/\/drept.usm.md\/wp-content\/uploads\/400030718_1094140225317268_7094012999198717724_n-1620x1080.jpg",1620,1080,true],"wp_social_preview_default":["https:\/\/drept.usm.md\/wp-content\/uploads\/400030718_1094140225317268_7094012999198717724_n-1200x630.jpg",1200,630,true],"wp_social_preview_twitter":["https:\/\/drept.usm.md\/wp-content\/uploads\/400030718_1094140225317268_7094012999198717724_n-1200x600.jpg",1200,600,true],"wp_social_preview_twitter_square":["https:\/\/drept.usm.md\/wp-content\/uploads\/400030718_1094140225317268_7094012999198717724_n-600x600.jpg",600,600,true]},"rttpg_author":{"display_name":"rosenberg","author_link":"https:\/\/drept.usm.md\/?author=1"},"rttpg_comment":0,"rttpg_category":"<a href=\"https:\/\/drept.usm.md\/?cat=4\" rel=\"category\">Evenimente<\/a>","rttpg_excerpt":"Facultatea de Drept a participat la o expozi\u021bie de carte organizat\u0103 de Universitatea de Stat din Moldova cu prilejul \u201eZilei Interna\u021bionale a \u0218tiin\u021bei pentru Pace \u0219i Dezvoltare\u201d. Ast\u0103zi, 09.11.2023 Facultatea de Drept a expus cele mai noi lucr\u0103rii \u0219tiin\u021bifice \u0219i didactice \u00een cadrul expozi\u021biei universitare, organizate cu prilejul \u201eZilei Interna\u021bionale a \u0218tiin\u021bei pentru Pace \u0219i&hellip;&hellip;","_links":{"self":[{"href":"https:\/\/drept.usm.md\/index.php?rest_route=\/wp\/v2\/posts\/14207","targetHints":{"allow":["GET"]}}],"collection":[{"href":"https:\/\/drept.usm.md\/index.php?rest_route=\/wp\/v2\/posts"}],"about":[{"href":"https:\/\/drept.usm.md\/index.php?rest_route=\/wp\/v2\/types\/post"}],"author":[{"embeddable":true,"href":"https:\/\/drept.usm.md\/index.php?rest_route=\/wp\/v2\/users\/1"}],"replies":[{"embeddable":true,"href":"https:\/\/drept.usm.md\/index.php?rest_route=%2Fwp%2Fv2%2Fcomments&post=14207"}],"version-history":[{"count":1,"href":"https:\/\/drept.usm.md\/index.php?rest_route=\/wp\/v2\/posts\/14207\/revisions"}],"predecessor-version":[{"id":14213,"href":"https:\/\/drept.usm.md\/index.php?rest_route=\/wp\/v2\/posts\/14207\/revisions\/14213"}],"wp:featuredmedia":[{"embeddable":true,"href":"https:\/\/drept.usm.md\/index.php?rest_route=\/wp\/v2\/media\/14212"}],"wp:attachment":[{"href":"https:\/\/drept.usm.md\/index.php?rest_route=%2Fwp%2Fv2%2Fmedia&parent=14207"}],"wp:term":[{"taxonomy":"category","embeddable":true,"href":"https:\/\/drept.usm.md\/index.php?rest_route=%2Fwp%2Fv2%2Fcategories&post=14207"},{"taxonomy":"post_tag","embeddable":true,"href":"https:\/\/drept.usm.md\/index.php?rest_route=%2Fwp%2Fv2%2Ftags&post=14207"}],"curies":[{"name":"wp","href":"https:\/\/api.w.org\/{rel}","templated":true}]}}