{"id":14247,"date":"2023-11-17T10:07:30","date_gmt":"2023-11-17T07:07:30","guid":{"rendered":"https:\/\/drept.usm.md\/?p=14247"},"modified":"2023-11-17T10:07:30","modified_gmt":"2023-11-17T07:07:30","slug":"conferinta-internationala-stiintifico-practica-arbitrajul-in-republica-moldova-la-30-de-ani","status":"publish","type":"post","link":"https:\/\/drept.usm.md\/?p=14247","title":{"rendered":"Conferin\u021ba interna\u021bional\u0103 \u0219tiin\u021bifico-practic\u0103 \u201eArbitrajul \u00een Republica Moldova la 30 de ani\u201d"},"content":{"rendered":"<p><strong>Cu prilejul anivers\u0103rii a 30 de ani de activitate, Curtea de Arbitraj Comercial Interna\u021bional (CACI)\u00a0de pe l\u00e2ng\u0103 Camera de Comer\u021b \u0219i Industrie a Republicii Moldova (CCI a RM) \u00een parteneriat cu Universitatea de Stat din Moldova, Departamentul Drept Interna\u021bional \u0219i European \u0219i Facultate de Drept au\u00a0organizat ast\u0103zi, 16 noiembrie 2023, Conferin\u021ba interna\u021bional\u0103 \u0219tiin\u021bifico-practic\u0103 \u201eArbitrajul \u00een Republica Moldova la 30 de ani\u201d.<\/strong><\/p>\n<p>La conferin\u021b\u0103 au participat peste 100 de persoane interesante, reprezenta\u021bi ai mediului de afaceri, avoca\u021bi, cadrele didactice, autorit\u0103\u021bile publice \u0219i arbitrii cu o bogat\u0103 experien\u021b\u0103 \u00een domeniu.<\/p>\n<p><strong>\u00cen debutul conferin\u021bei, Ministra Justi\u021biei<\/strong>\u00a0<strong>Veronica<\/strong>\u00a0<strong>MIHAILOV-MORARU\u00a0<\/strong>a felicitat Curtea de Arbitraj cu aceast\u0103 aniversare \u0219i a apreciat rolul care revine acestei institu\u021bii \u00een promovarea metodelor alternative de solu\u021bionare a disputelor. Ministra a specificat ca la acest moment un obiectiv major este degrevarea instan\u021belor care este o provocare major\u0103 pentru sistemul judec\u0103toresc din\u00a0\u021bara noastr\u0103, iar pentru c\u0103 arbitrajul este o modalitate rapid\u0103 \u0219i eficient\u0103 de solu\u021bionare a conflictelor, este un mijloc care trebuie promovat \u0219i aplicat \u00een practic\u0103.<\/p>\n<p><strong>Vicepre\u0219edintele\u00a0CCI a RM Natalia CALENIC,\u00a0<\/strong>\u00een mesajul s\u0103u a relatat:\u00a0<em>\u201eAcest an este unul memorabil \u0219i deosebit pentru institu\u021bia cameral\u0103, dat fiind\u00a0faptul c\u0103 marc\u0103m dou\u0103 anivers\u0103ri semnificative \u0219i anume 105 ani de la fondarea primei Camerei de Comer\u021b din Chi\u0219in\u0103u \u0219i 30 de ani de activitate a Cur\u021bii de Arbitraj Comerciale Interna\u021bionale de pe l\u00e2ng\u0103 CCI. \u00cen cele 30 de ani de activitate, cadrul normativ \u00een domeniul procedurii arbitrare sa perfec\u021bionat continuu, iar arbitraj a devenit o institu\u021bie competent\u0103 care se bucur\u0103 de \u00eencredere din partea antreprenorilor, investitorilor str\u0103ini, avoca\u021bilor \u0219i speciali\u0219tilor din domeniu dreptului.\u00a0 Institu\u021bia Cameral\u0103 \u00ee\u0219i propune \u0219i pe viitor s\u0103 promoveze un model de arbitraj modern, adaptat la cerin\u021bele mediului de afaceri, prin atragerea continu\u0103 de arbitri specializa\u021bi \u00a0pe diferitele domenii\u00a0 \u0219i preluarea celor mai bune practici interna\u021bionale.\u201d<\/em><\/p>\n<p><em>\u201e<\/em><strong><em>Procedura arbitrar\u0103<\/em><\/strong><em>\u00a0nu este suficient de solicitat\u0103 \u0219i cunoscut\u0103 de mediul de afaceri. Din cele circa 30 de institu\u021bii permanente de arbitraj existente \u00een RM, doar CACI este unul func\u021bional \u0219i examineaz\u0103 anual circa 100-120 de litigii na\u021bionale \u0219i interna\u021bionale (de tip comercial, prestare de servicii, corporative, etc. av\u00e2nd ca p\u0103r\u021bi \u00een litigii oameni de afaceri din peste 30 de state). Poten\u021bialul institu\u021biei arbitrajului este cu mult mai mare, ori lista arbitrilor aprobat\u0103 de CCI include peste 60 arbitri interni \u0219i interna\u021bionali<\/em>\u201d a men\u021bionat\u00a0<strong>Dumitru POSTOVAN, dr. conf.univ., Pre\u0219edinte al Cur\u021bii de Arbitraj Comercial Interna\u021bional de pe l\u00e2ng\u0103 Camera de Comer\u021b \u0219i Industrie a Republicii Moldova, arbitru interna\u021bional.<\/strong><\/p>\n<p>Conferin\u021ba\u00a0se desf\u0103\u0219oar\u0103 dou\u0103 zile consecutiv, pe\u00a0<strong>16 \u0219i 17 noiembrie 2023,\u00a0<\/strong>\u0219i cuprinde tematici actuale pentru dezvoltarea procedurii arbitrale \u00een Republica Moldova.<\/p>\n<p>\u00cen prima sesiune s-au abordat problemele cu care se confrunt\u0103 tribunalul arbitral \u00een procesul de examinare a litigiilor ca: arbitrajul comercial intern \u0219i interna\u021bional, arbitrajul comercial \u00een sport, arbitrabilitatea litigiilor corporative, precum \u0219i mediere. De asemenea s-a discutat despre unele dezvolt\u0103ri recente \u00een solu\u021bionarea litigiilor prin \u00a0arbitraj ca metod\u0103 alternativ\u0103. Tot aici au fost eviden\u021biate particularit\u0103\u021bile \u0219i tendin\u021bele arbitrajului comercial interna\u021bional, administrat de c\u0103tre institu\u021biile permanente de arbitraj, precum Curtea de Arbitraj de pe l\u00e2ng\u0103 CCI a RM.<\/p>\n<p>A doua zi, arbitrii \u0219i speciali\u0219ti \u00een drept vor dezbate subiecte cum ar fi competen\u021ba tribunalului arbitral prin prisma clauzelor arbitrale patologice, consolidarea proceselor arbitrale \u00een arbitrajul comercial interna\u021bional, m\u0103surile asiguratorii \u00een arbitraj, arbitrajul \u0219i insolvabilitatea, regimul conflictual al contractelor \u00een litigiile\u00a0 comerciale interna\u021bionale c\u00e2t \u0219i despre solu\u021bionarea\u00a0 conflictului de legi pentru determinarea dreptului aplicabil fondului examinat \u00een procedura de arbitraj comercial\u00a0 interna\u021bional. Un subiect aparte\u00a0 care va\u00a0 fi pus \u00een discu\u021bie este interac\u021biunea arbitrajului cu instan\u021bele de judecat\u0103 prin prisma contest\u0103rii \u0219i desfiin\u021b\u0103rii\u00a0 hot\u0103r\u00e2rii arbitrale, a recunoa\u0219terii \u0219i execut\u0103rii lor. Pentru dezbaterea acestor probleme sunt\u00a0 invita\u021bi\u00a0 judec\u0103tori \u0219i avoca\u021bi.<\/p>\n<p><strong>Scopul conferin\u021bei<\/strong>\u00a0este de a pune \u00een valoare \u0219i de a promova arbitrajul ca form\u0103 alternativ\u0103 de solu\u021bionare eficient\u0103 \u0219i rapid\u0103 a litigiilor economice \u0219i comerciale.<\/p>\n<p>\u00cen rezultatul conferin\u021bei vor fi formulate\u00a0<strong>concluzii \u0219i propuneri<\/strong>\u00a0privind perfec\u021bionarea cadrului legal \u00een domeniu, promovarea arbitrajului \u0219i recomand\u0103ri \u00een vederea alinierii la standardele \u00een contextul integr\u0103rii europene,\u00a0 care vor fi prezentate autorit\u0103\u021bilor publice.<\/p>\n<p>&nbsp;<\/p>\n<p><img fetchpriority=\"high\" decoding=\"async\" class=\"alignnone size-medium wp-image-14248\" src=\"https:\/\/drept.usm.md\/wp-content\/uploads\/z-1-300x200.jpg\" alt=\"\" width=\"300\" height=\"200\" \/> <img decoding=\"async\" class=\"alignnone size-medium wp-image-14249\" src=\"https:\/\/drept.usm.md\/wp-content\/uploads\/IMG_8874-200x300.jpg\" alt=\"\" width=\"200\" height=\"300\" \/> <img decoding=\"async\" class=\"alignnone size-medium wp-image-14250\" src=\"https:\/\/drept.usm.md\/wp-content\/uploads\/IMG_8873-237x300.jpg\" alt=\"\" width=\"237\" height=\"300\" \/> <img loading=\"lazy\" decoding=\"async\" class=\"alignnone size-medium wp-image-14251\" src=\"https:\/\/drept.usm.md\/wp-content\/uploads\/IMG_8865-295x300.jpg\" alt=\"\" width=\"295\" height=\"300\" \/> <img loading=\"lazy\" decoding=\"async\" class=\"alignnone size-medium wp-image-14252\" src=\"https:\/\/drept.usm.md\/wp-content\/uploads\/IMG_8851-252x300.jpg\" alt=\"\" width=\"252\" height=\"300\" \/> <img loading=\"lazy\" decoding=\"async\" class=\"alignnone size-medium wp-image-14253\" src=\"https:\/\/drept.usm.md\/wp-content\/uploads\/IMG_8842-300x200.jpg\" alt=\"\" width=\"300\" height=\"200\" \/> <img loading=\"lazy\" decoding=\"async\" class=\"alignnone size-medium wp-image-14254\" src=\"https:\/\/drept.usm.md\/wp-content\/uploads\/IMG_8824-300x146.jpg\" alt=\"\" width=\"300\" height=\"146\" \/> <img loading=\"lazy\" decoding=\"async\" class=\"alignnone size-medium wp-image-14255\" src=\"https:\/\/drept.usm.md\/wp-content\/uploads\/IMG_8818-300x192.jpg\" alt=\"\" width=\"300\" height=\"192\" \/> <img loading=\"lazy\" decoding=\"async\" class=\"alignnone size-medium wp-image-14256\" src=\"https:\/\/drept.usm.md\/wp-content\/uploads\/IMG_8815-300x190.jpg\" alt=\"\" width=\"300\" height=\"190\" \/> <img loading=\"lazy\" decoding=\"async\" class=\"alignnone size-medium wp-image-14257\" src=\"https:\/\/drept.usm.md\/wp-content\/uploads\/IMG_8814-240x300.jpg\" alt=\"\" width=\"240\" height=\"300\" \/> <img loading=\"lazy\" decoding=\"async\" class=\"alignnone size-medium wp-image-14258\" src=\"https:\/\/drept.usm.md\/wp-content\/uploads\/IMG_8797-220x300.jpg\" alt=\"\" width=\"220\" height=\"300\" \/> <img loading=\"lazy\" decoding=\"async\" class=\"alignnone size-medium wp-image-14259\" src=\"https:\/\/drept.usm.md\/wp-content\/uploads\/IMG_8786-300x207.jpg\" alt=\"\" width=\"300\" height=\"207\" \/> <img loading=\"lazy\" decoding=\"async\" class=\"alignnone size-medium wp-image-14260\" src=\"https:\/\/drept.usm.md\/wp-content\/uploads\/IMG_8778-300x154.jpg\" alt=\"\" width=\"300\" height=\"154\" \/> <img loading=\"lazy\" decoding=\"async\" class=\"alignnone size-medium wp-image-14261\" src=\"https:\/\/drept.usm.md\/wp-content\/uploads\/DSC_3511_\u043d\u043e\u0432\u044b\u0439-\u0440\u0430\u0437\u043c\u0435\u0440-300x200.jpg\" alt=\"\" width=\"300\" height=\"200\" \/> <img loading=\"lazy\" decoding=\"async\" class=\"alignnone size-medium wp-image-14262\" src=\"https:\/\/drept.usm.md\/wp-content\/uploads\/DSC_3503_\u043d\u043e\u0432\u044b\u0439-\u0440\u0430\u0437\u043c\u0435\u0440-300x200.jpg\" alt=\"\" width=\"300\" height=\"200\" \/> <img loading=\"lazy\" decoding=\"async\" class=\"alignnone size-medium wp-image-14263\" src=\"https:\/\/drept.usm.md\/wp-content\/uploads\/4-7-300x200.jpg\" alt=\"\" width=\"300\" height=\"200\" \/> <img loading=\"lazy\" decoding=\"async\" class=\"alignnone size-medium wp-image-14264\" src=\"https:\/\/drept.usm.md\/wp-content\/uploads\/3-2-1-300x200.jpg\" alt=\"\" width=\"300\" height=\"200\" \/> <img loading=\"lazy\" decoding=\"async\" class=\"alignnone size-medium wp-image-14265\" src=\"https:\/\/drept.usm.md\/wp-content\/uploads\/2-2-1-300x163.jpg\" alt=\"\" width=\"300\" height=\"163\" \/> <img loading=\"lazy\" decoding=\"async\" class=\"alignnone size-medium wp-image-14266\" src=\"https:\/\/drept.usm.md\/wp-content\/uploads\/1-1-1-300x159.jpg\" alt=\"\" width=\"300\" height=\"159\" \/><\/p>","protected":false},"excerpt":{"rendered":"<p>Cu prilejul anivers\u0103rii a 30 de ani de activitate, Curtea de Arbitraj Comercial Interna\u021bional (CACI)\u00a0de pe l\u00e2ng\u0103 Camera de Comer\u021b \u0219i Industrie a Republicii Moldova (CCI a RM) \u00een parteneriat cu Universitatea de Stat din Moldova, Departamentul Drept Interna\u021bional \u0219i European \u0219i Facultate de Drept au\u00a0organizat ast\u0103zi, 16 noiembrie 2023, Conferin\u021ba interna\u021bional\u0103 \u0219tiin\u021bifico-practic\u0103 \u201eArbitrajul \u00een&hellip; <br \/> <a class=\"read-more\" href=\"https:\/\/drept.usm.md\/?p=14247\">Cite\u0219te mai mult<\/a><\/p>\n","protected":false},"author":1,"featured_media":14266,"comment_status":"closed","ping_status":"closed","sticky":false,"template":"","format":"standard","meta":{"wp_social_preview_title":"","wp_social_preview_description":"","wp_social_preview_image":0,"footnotes":""},"categories":[4],"tags":[],"class_list":["post-14247","post","type-post","status-publish","format-standard","has-post-thumbnail","hentry","category-evenimente"],"rttpg_featured_image_url":{"full":["https:\/\/drept.usm.md\/wp-content\/uploads\/1-1-1.jpg",1200,635,false],"landscape":["https:\/\/drept.usm.md\/wp-content\/uploads\/1-1-1.jpg",1200,635,false],"portraits":["https:\/\/drept.usm.md\/wp-content\/uploads\/1-1-1.jpg",1200,635,false],"thumbnail":["https:\/\/drept.usm.md\/wp-content\/uploads\/1-1-1-150x150.jpg",150,150,true],"medium":["https:\/\/drept.usm.md\/wp-content\/uploads\/1-1-1-300x159.jpg",300,159,true],"large":["https:\/\/drept.usm.md\/wp-content\/uploads\/1-1-1-1024x542.jpg",1024,542,true],"1536x1536":["https:\/\/drept.usm.md\/wp-content\/uploads\/1-1-1.jpg",1200,635,false],"2048x2048":["https:\/\/drept.usm.md\/wp-content\/uploads\/1-1-1.jpg",1200,635,false],"htmega_size_585x295":["https:\/\/drept.usm.md\/wp-content\/uploads\/1-1-1-585x295.jpg",585,295,true],"htmega_size_1170x536":["https:\/\/drept.usm.md\/wp-content\/uploads\/1-1-1-1170x536.jpg",1170,536,true],"htmega_size_396x360":["https:\/\/drept.usm.md\/wp-content\/uploads\/1-1-1-396x360.jpg",396,360,true],"post-thumbnail":["https:\/\/drept.usm.md\/wp-content\/uploads\/1-1-1-1024x542.jpg",1024,542,true],"mesmerize-full-hd":["https:\/\/drept.usm.md\/wp-content\/uploads\/1-1-1.jpg",1200,635,false],"wp_social_preview_default":["https:\/\/drept.usm.md\/wp-content\/uploads\/1-1-1-1200x630.jpg",1200,630,true],"wp_social_preview_twitter":["https:\/\/drept.usm.md\/wp-content\/uploads\/1-1-1-1200x600.jpg",1200,600,true],"wp_social_preview_twitter_square":["https:\/\/drept.usm.md\/wp-content\/uploads\/1-1-1-600x600.jpg",600,600,true]},"rttpg_author":{"display_name":"rosenberg","author_link":"https:\/\/drept.usm.md\/?author=1"},"rttpg_comment":0,"rttpg_category":"<a href=\"https:\/\/drept.usm.md\/?cat=4\" rel=\"category\">Evenimente<\/a>","rttpg_excerpt":"Cu prilejul anivers\u0103rii a 30 de ani de activitate, Curtea de Arbitraj Comercial Interna\u021bional (CACI)\u00a0de pe l\u00e2ng\u0103 Camera de Comer\u021b \u0219i Industrie a Republicii Moldova (CCI a RM) \u00een parteneriat cu Universitatea de Stat din Moldova, Departamentul Drept Interna\u021bional \u0219i European \u0219i Facultate de Drept au\u00a0organizat ast\u0103zi, 16 noiembrie 2023, Conferin\u021ba interna\u021bional\u0103 \u0219tiin\u021bifico-practic\u0103 \u201eArbitrajul \u00een&hellip;&hellip;","_links":{"self":[{"href":"https:\/\/drept.usm.md\/index.php?rest_route=\/wp\/v2\/posts\/14247","targetHints":{"allow":["GET"]}}],"collection":[{"href":"https:\/\/drept.usm.md\/index.php?rest_route=\/wp\/v2\/posts"}],"about":[{"href":"https:\/\/drept.usm.md\/index.php?rest_route=\/wp\/v2\/types\/post"}],"author":[{"embeddable":true,"href":"https:\/\/drept.usm.md\/index.php?rest_route=\/wp\/v2\/users\/1"}],"replies":[{"embeddable":true,"href":"https:\/\/drept.usm.md\/index.php?rest_route=%2Fwp%2Fv2%2Fcomments&post=14247"}],"version-history":[{"count":1,"href":"https:\/\/drept.usm.md\/index.php?rest_route=\/wp\/v2\/posts\/14247\/revisions"}],"predecessor-version":[{"id":14267,"href":"https:\/\/drept.usm.md\/index.php?rest_route=\/wp\/v2\/posts\/14247\/revisions\/14267"}],"wp:featuredmedia":[{"embeddable":true,"href":"https:\/\/drept.usm.md\/index.php?rest_route=\/wp\/v2\/media\/14266"}],"wp:attachment":[{"href":"https:\/\/drept.usm.md\/index.php?rest_route=%2Fwp%2Fv2%2Fmedia&parent=14247"}],"wp:term":[{"taxonomy":"category","embeddable":true,"href":"https:\/\/drept.usm.md\/index.php?rest_route=%2Fwp%2Fv2%2Fcategories&post=14247"},{"taxonomy":"post_tag","embeddable":true,"href":"https:\/\/drept.usm.md\/index.php?rest_route=%2Fwp%2Fv2%2Ftags&post=14247"}],"curies":[{"name":"wp","href":"https:\/\/api.w.org\/{rel}","templated":true}]}}