{"id":14462,"date":"2024-01-25T15:20:08","date_gmt":"2024-01-25T12:20:08","guid":{"rendered":"https:\/\/drept.usm.md\/?p=14462"},"modified":"2024-01-25T15:20:08","modified_gmt":"2024-01-25T12:20:08","slug":"marcarea-zilei-comemorarii-victimelor-holocaustului-23-ianuarie","status":"publish","type":"post","link":"https:\/\/drept.usm.md\/?p=14462","title":{"rendered":"Marcarea Zilei comemor\u0103rii victimelor Holocaustului, 23 ianuarie."},"content":{"rendered":"<p><\/p>\n<div class=\"xdj266r x11i5rnm xat24cr x1mh8g0r x1vvkbs x126k92a\">\n<div dir=\"auto\">\u00cen contextul marc\u0103rii Zilei comemor\u0103rii victimelor Holocaustului, la data de 23 ianuarie a fost organizat,\u00een cadrul Facult\u0103\u021bii de Drept a USM, de c\u0103tre organiza\u021bia ELSA USM, un eveniment cu tematica &#8220;MEMORIA HOLOCAUSTULUI&#8221;<\/div>\n<\/div>\n<div class=\"x11i5rnm xat24cr x1mh8g0r x1vvkbs xtlvy1s x126k92a\">\n<div dir=\"auto\">\u00cen cadrul evenimentului studen\u021bii au abordat tema genocidului sistematic, planificat \u0219i executat de c\u0103tre regimul nazist.<\/div>\n<\/div>\n<div class=\"x11i5rnm xat24cr x1mh8g0r x1vvkbs xtlvy1s x126k92a\">\n<div dir=\"auto\">Al\u0103turi de speakerul Vacarciuc C\u0103t\u0103lin, profesor de istorie, au fost analiza\u021bi actorii care au jucat rolul crucial \u00een omuciderea \u00een mas\u0103 a evreilor \u0219i a altor victime ale Holocaustului<\/div>\n<div dir=\"auto\">S-a pus accent pe \u00een\u021belegerea modului \u00een care un asemenea genocid a putut avea loc \u0219i importan\u021ba responsabilit\u0103\u021bii colective pentru prevenirea repet\u0103rii istoriei.<\/div>\n<\/div>\n<div class=\"x11i5rnm xat24cr x1mh8g0r x1vvkbs xtlvy1s x126k92a\">\n<div dir=\"auto\">Comemorarea Holocaustului este o modalitate de a onora memoria celor aproximativ \u0219ase milioane de evrei \u0219i a milioanelor de alte victime care au suferit \u0219i au murit \u00een acest genocid.<\/div>\n<\/div>\n<div class=\"x11i5rnm xat24cr x1mh8g0r x1vvkbs xtlvy1s x126k92a\">\n<div dir=\"auto\">Studen\u021bii nu s-au oprit doar la reflectarea asupra istoriei, ci \u0219i la angajamentul ferm pentru a preveni orice form\u0103 de atrocitate viitoare.<\/div>\n<div dir=\"auto\"><img fetchpriority=\"high\" decoding=\"async\" class=\"alignnone size-large wp-image-14463\" src=\"https:\/\/drept.usm.md\/wp-content\/uploads\/417398650_394365123143648_4317397762145672245_n-1024x939.jpg\" alt=\"\" width=\"1024\" height=\"939\" \/> <img decoding=\"async\" class=\"alignnone size-large wp-image-14464\" src=\"https:\/\/drept.usm.md\/wp-content\/uploads\/417404114_394365023143658_6267623160871977097_n-678x1024.jpg\" alt=\"\" width=\"678\" height=\"1024\" \/> <img decoding=\"async\" class=\"alignnone size-large wp-image-14465\" src=\"https:\/\/drept.usm.md\/wp-content\/uploads\/417423902_394365009810326_8915439600615263803_n-973x1024.jpg\" alt=\"\" width=\"973\" height=\"1024\" \/> <img loading=\"lazy\" decoding=\"async\" class=\"alignnone size-large wp-image-14466\" src=\"https:\/\/drept.usm.md\/wp-content\/uploads\/417433654_394364963143664_7437371993411892002_n-847x1024.jpg\" alt=\"\" width=\"847\" height=\"1024\" \/> <img loading=\"lazy\" decoding=\"async\" class=\"alignnone size-large wp-image-14467\" src=\"https:\/\/drept.usm.md\/wp-content\/uploads\/417503881_394365066476987_2947173154463598031_n-782x1024.jpg\" alt=\"\" width=\"782\" height=\"1024\" \/> <img loading=\"lazy\" decoding=\"async\" class=\"alignnone size-large wp-image-14468\" src=\"https:\/\/drept.usm.md\/wp-content\/uploads\/417556660_394365103143650_705604925297175929_n-785x1024.jpg\" alt=\"\" width=\"785\" height=\"1024\" \/> <img loading=\"lazy\" decoding=\"async\" class=\"alignnone size-large wp-image-14469\" src=\"https:\/\/drept.usm.md\/wp-content\/uploads\/417688588_394364949810332_920502503921790179_n-1024x953.jpg\" alt=\"\" width=\"1024\" height=\"953\" \/> <img loading=\"lazy\" decoding=\"async\" class=\"alignnone size-large wp-image-14470\" src=\"https:\/\/drept.usm.md\/wp-content\/uploads\/418158837_394365083143652_1665343328296500896_n-1001x1024.jpg\" alt=\"\" width=\"1001\" height=\"1024\" \/> <img loading=\"lazy\" decoding=\"async\" class=\"alignnone size-large wp-image-14471\" src=\"https:\/\/drept.usm.md\/wp-content\/uploads\/418158871_394365143143646_1654869439591691364_n-1024x944.jpg\" alt=\"\" width=\"1024\" height=\"944\" \/> <img loading=\"lazy\" decoding=\"async\" class=\"alignnone size-large wp-image-14472\" src=\"https:\/\/drept.usm.md\/wp-content\/uploads\/419736653_394365096476984_4675786429080602017_n-768x1024.jpg\" alt=\"\" width=\"768\" height=\"1024\" \/><\/div>\n<\/div>\n<p><\/p>","protected":false},"excerpt":{"rendered":"<p>\u00cen contextul marc\u0103rii Zilei comemor\u0103rii victimelor Holocaustului, la data de 23 ianuarie a fost organizat,\u00een cadrul Facult\u0103\u021bii de Drept a USM, de c\u0103tre organiza\u021bia ELSA USM, un eveniment cu tematica &#8220;MEMORIA HOLOCAUSTULUI&#8221; \u00cen cadrul evenimentului studen\u021bii au abordat tema genocidului sistematic, planificat \u0219i executat de c\u0103tre regimul nazist. Al\u0103turi de speakerul Vacarciuc C\u0103t\u0103lin, profesor de&hellip; <br \/> <a class=\"read-more\" href=\"https:\/\/drept.usm.md\/?p=14462\">Cite\u0219te mai mult<\/a><\/p>\n","protected":false},"author":1,"featured_media":14467,"comment_status":"closed","ping_status":"closed","sticky":false,"template":"","format":"standard","meta":{"wp_social_preview_title":"","wp_social_preview_description":"","wp_social_preview_image":0,"footnotes":""},"categories":[4],"tags":[],"class_list":["post-14462","post","type-post","status-publish","format-standard","has-post-thumbnail","hentry","category-evenimente"],"rttpg_featured_image_url":{"full":["https:\/\/drept.usm.md\/wp-content\/uploads\/417503881_394365066476987_2947173154463598031_n.jpg",978,1280,false],"landscape":["https:\/\/drept.usm.md\/wp-content\/uploads\/417503881_394365066476987_2947173154463598031_n.jpg",978,1280,false],"portraits":["https:\/\/drept.usm.md\/wp-content\/uploads\/417503881_394365066476987_2947173154463598031_n.jpg",978,1280,false],"thumbnail":["https:\/\/drept.usm.md\/wp-content\/uploads\/417503881_394365066476987_2947173154463598031_n-150x150.jpg",150,150,true],"medium":["https:\/\/drept.usm.md\/wp-content\/uploads\/417503881_394365066476987_2947173154463598031_n-229x300.jpg",229,300,true],"large":["https:\/\/drept.usm.md\/wp-content\/uploads\/417503881_394365066476987_2947173154463598031_n-782x1024.jpg",782,1024,true],"1536x1536":["https:\/\/drept.usm.md\/wp-content\/uploads\/417503881_394365066476987_2947173154463598031_n.jpg",978,1280,false],"2048x2048":["https:\/\/drept.usm.md\/wp-content\/uploads\/417503881_394365066476987_2947173154463598031_n.jpg",978,1280,false],"htmega_size_585x295":["https:\/\/drept.usm.md\/wp-content\/uploads\/417503881_394365066476987_2947173154463598031_n-585x295.jpg",585,295,true],"htmega_size_1170x536":["https:\/\/drept.usm.md\/wp-content\/uploads\/417503881_394365066476987_2947173154463598031_n-978x536.jpg",978,536,true],"htmega_size_396x360":["https:\/\/drept.usm.md\/wp-content\/uploads\/417503881_394365066476987_2947173154463598031_n-396x360.jpg",396,360,true],"post-thumbnail":["https:\/\/drept.usm.md\/wp-content\/uploads\/417503881_394365066476987_2947173154463598031_n.jpg",978,1280,false],"mesmerize-full-hd":["https:\/\/drept.usm.md\/wp-content\/uploads\/417503881_394365066476987_2947173154463598031_n-825x1080.jpg",825,1080,true],"wp_social_preview_default":["https:\/\/drept.usm.md\/wp-content\/uploads\/417503881_394365066476987_2947173154463598031_n-978x630.jpg",978,630,true],"wp_social_preview_twitter":["https:\/\/drept.usm.md\/wp-content\/uploads\/417503881_394365066476987_2947173154463598031_n-978x600.jpg",978,600,true],"wp_social_preview_twitter_square":["https:\/\/drept.usm.md\/wp-content\/uploads\/417503881_394365066476987_2947173154463598031_n-600x600.jpg",600,600,true]},"rttpg_author":{"display_name":"rosenberg","author_link":"https:\/\/drept.usm.md\/?author=1"},"rttpg_comment":0,"rttpg_category":"<a href=\"https:\/\/drept.usm.md\/?cat=4\" rel=\"category\">Evenimente<\/a>","rttpg_excerpt":"\u00cen contextul marc\u0103rii Zilei comemor\u0103rii victimelor Holocaustului, la data de 23 ianuarie a fost organizat,\u00een cadrul Facult\u0103\u021bii de Drept a USM, de c\u0103tre organiza\u021bia ELSA USM, un eveniment cu tematica &#8220;MEMORIA HOLOCAUSTULUI&#8221; \u00cen cadrul evenimentului studen\u021bii au abordat tema genocidului sistematic, planificat \u0219i executat de c\u0103tre regimul nazist. Al\u0103turi de speakerul Vacarciuc C\u0103t\u0103lin, profesor de&hellip;&hellip;","_links":{"self":[{"href":"https:\/\/drept.usm.md\/index.php?rest_route=\/wp\/v2\/posts\/14462","targetHints":{"allow":["GET"]}}],"collection":[{"href":"https:\/\/drept.usm.md\/index.php?rest_route=\/wp\/v2\/posts"}],"about":[{"href":"https:\/\/drept.usm.md\/index.php?rest_route=\/wp\/v2\/types\/post"}],"author":[{"embeddable":true,"href":"https:\/\/drept.usm.md\/index.php?rest_route=\/wp\/v2\/users\/1"}],"replies":[{"embeddable":true,"href":"https:\/\/drept.usm.md\/index.php?rest_route=%2Fwp%2Fv2%2Fcomments&post=14462"}],"version-history":[{"count":1,"href":"https:\/\/drept.usm.md\/index.php?rest_route=\/wp\/v2\/posts\/14462\/revisions"}],"predecessor-version":[{"id":14473,"href":"https:\/\/drept.usm.md\/index.php?rest_route=\/wp\/v2\/posts\/14462\/revisions\/14473"}],"wp:featuredmedia":[{"embeddable":true,"href":"https:\/\/drept.usm.md\/index.php?rest_route=\/wp\/v2\/media\/14467"}],"wp:attachment":[{"href":"https:\/\/drept.usm.md\/index.php?rest_route=%2Fwp%2Fv2%2Fmedia&parent=14462"}],"wp:term":[{"taxonomy":"category","embeddable":true,"href":"https:\/\/drept.usm.md\/index.php?rest_route=%2Fwp%2Fv2%2Fcategories&post=14462"},{"taxonomy":"post_tag","embeddable":true,"href":"https:\/\/drept.usm.md\/index.php?rest_route=%2Fwp%2Fv2%2Ftags&post=14462"}],"curies":[{"name":"wp","href":"https:\/\/api.w.org\/{rel}","templated":true}]}}