{"id":14700,"date":"2024-03-01T10:20:42","date_gmt":"2024-03-01T07:20:42","guid":{"rendered":"https:\/\/drept.usm.md\/?p=14700"},"modified":"2024-03-01T10:20:42","modified_gmt":"2024-03-01T07:20:42","slug":"facultatea-de-drept-a-usm-gazda-liceenilor-din-tara","status":"publish","type":"post","link":"https:\/\/drept.usm.md\/?p=14700","title":{"rendered":"FACULTATEA DE DREPT A USM GAZDA   LICEENILOR DIN \u021aAR\u0102"},"content":{"rendered":"<p>Vizitele de studiu la Facultatea de Drept a Universit\u0103\u021bii de Stat din Moldova, \u00een contextul realiz\u0103rii programului de informare cu genericul ,,Student pentru o zi la USM \u2013 2024\u201d, sunt \u00een continu\u0103 desf\u0103\u0219urare.<\/p>\n<p>Joi, 29 februarie 2024, \u00een calitate de invita\u021bi, Facultatea de Drept a USM a g\u0103zduit elevi ai claselor absolvente din licee, \u00eenso\u021bi\u021bi de profesori \u0219i dirigin\u021bi. Astfel, dup\u0103 \u0219edin\u021ba festiv\u0103 din Sala Senatului \u0219i MEDIACOR, unde liceenii au fost saluta\u021bi de conducerea USM, fiindu-le prezentate facult\u0103\u021bile USM, programele de studii universitare. Liceenii care \u0219i-au ales s\u0103 viziteze Facultatea de Drept a USM au fost condu\u0219i de decan, dr. hab., prof. univ., Serghei Br\u00eenza, \u00een blocul II al USM.<\/p>\n<p>Pe parcursul vizitei, liceenii au avut posibilitatea s\u0103 se familiarizeze cu procesul de \u00eenv\u0103\u021b\u0103m\u00e2nt la Facultatea de Drept, cu ofertele educa\u021bionale \u0219i infrastructura facult\u0103\u021bii (s\u0103lile de curs, sala de mediere, sala de procese simulate), discut\u00e2nd inclusiv cu studen\u021bii de la filiera anglofon\u0103 \u0219i francofon\u0103 despre avantajele acestor programe.<\/p>\n<p>Totodat\u0103, ace\u0219tia au fost informa\u021bi despre performan\u021bele atinse de studen\u021bii facult\u0103\u021bii la competi\u021biile interna\u021bionale recente, cooperarea cu alte universtit\u0103\u021bi de peste hotare \u0219i mobilitatea academic\u0103, activit\u0103\u021bile extracurriculare, stagiile de practic\u0103 \u0219i \u0219colile de var\u0103.<\/p>\n<p>\u00cen contextul aceluia\u0219i eveniment, participan\u021bilor le-au fost demonstrate materiale video de promovare a Facult\u0103\u021bii de Drept, ce reliefeaz\u0103 atitudinile \u0219i comentariile studen\u021bilor vis-a-vis de calitatea studiilor ob\u021binute, corpul profesoral de excep\u021bie, oportunit\u0103\u021bile de\u021binerii diplomei de licen\u021b\u0103 \u00een domeniul dreptului. Totodat\u0103, au fost distribuite pliante care con\u021bin cele mai relevante informa\u021bii despre condi\u021biile de admitere la Facultatea de Drept a USM \u0219i prezentarea avantajelor studierii dreptului \u00een Republica Moldova.<\/p>\n<p><em>Spre final, conducerea facult\u0103\u021bii a transmis un mesaj salutar oaspe\u021bilor: \u201eDragi liceeni, V\u0103 a\u0219tept\u0103m cu mare drag s\u0103 face\u021bi parte din frumoasa echip\u0103 a studen\u021bilor Facult\u0103\u021bii de Drept USM\u201d!<\/em><\/p>\n<p><img fetchpriority=\"high\" decoding=\"async\" class=\"alignnone size-medium wp-image-14701\" src=\"https:\/\/drept.usm.md\/wp-content\/uploads\/20240229_160055-300x169.jpg\" alt=\"\" width=\"300\" height=\"169\" \/> <img decoding=\"async\" class=\"alignnone size-medium wp-image-14702\" src=\"https:\/\/drept.usm.md\/wp-content\/uploads\/20240229_161718-300x169.jpg\" alt=\"\" width=\"300\" height=\"169\" \/> <img decoding=\"async\" class=\"alignnone size-medium wp-image-14703\" src=\"https:\/\/drept.usm.md\/wp-content\/uploads\/20240228_160121-1-300x169.jpg\" alt=\"\" width=\"300\" height=\"169\" \/> <img loading=\"lazy\" decoding=\"async\" class=\"alignnone size-medium wp-image-14704\" src=\"https:\/\/drept.usm.md\/wp-content\/uploads\/20240228_160134-1-300x169.jpg\" alt=\"\" width=\"300\" height=\"169\" \/> <img loading=\"lazy\" decoding=\"async\" class=\"alignnone size-medium wp-image-14705\" src=\"https:\/\/drept.usm.md\/wp-content\/uploads\/20240228_161449-1-300x169.jpg\" alt=\"\" width=\"300\" height=\"169\" \/> <img loading=\"lazy\" decoding=\"async\" class=\"alignnone size-medium wp-image-14706\" src=\"https:\/\/drept.usm.md\/wp-content\/uploads\/20240228_161631-1-300x169.jpg\" alt=\"\" width=\"300\" height=\"169\" \/> <img loading=\"lazy\" decoding=\"async\" class=\"alignnone size-medium wp-image-14707\" src=\"https:\/\/drept.usm.md\/wp-content\/uploads\/20240228_162402-1-300x169.jpg\" alt=\"\" width=\"300\" height=\"169\" \/> <img loading=\"lazy\" decoding=\"async\" class=\"alignnone size-medium wp-image-14708\" src=\"https:\/\/drept.usm.md\/wp-content\/uploads\/20240229_163355-300x169.jpg\" alt=\"\" width=\"300\" height=\"169\" \/> <img loading=\"lazy\" decoding=\"async\" class=\"alignnone size-medium wp-image-14709\" src=\"https:\/\/drept.usm.md\/wp-content\/uploads\/20240229_152443-300x169.jpg\" alt=\"\" width=\"300\" height=\"169\" \/> <img loading=\"lazy\" decoding=\"async\" class=\"alignnone size-medium wp-image-14710\" src=\"https:\/\/drept.usm.md\/wp-content\/uploads\/20240229_152457-300x169.jpg\" alt=\"\" width=\"300\" height=\"169\" \/> <img loading=\"lazy\" decoding=\"async\" class=\"alignnone size-medium wp-image-14711\" src=\"https:\/\/drept.usm.md\/wp-content\/uploads\/20240229_152919-300x169.jpg\" alt=\"\" width=\"300\" height=\"169\" \/> <img loading=\"lazy\" decoding=\"async\" class=\"alignnone size-medium wp-image-14712\" src=\"https:\/\/drept.usm.md\/wp-content\/uploads\/20240229_152923-300x169.jpg\" alt=\"\" width=\"300\" height=\"169\" \/> <img loading=\"lazy\" decoding=\"async\" class=\"alignnone size-medium wp-image-14713\" src=\"https:\/\/drept.usm.md\/wp-content\/uploads\/20240229_152935-300x169.jpg\" alt=\"\" width=\"300\" height=\"169\" \/> <img loading=\"lazy\" decoding=\"async\" class=\"alignnone size-medium wp-image-14714\" src=\"https:\/\/drept.usm.md\/wp-content\/uploads\/20240229_152939-300x169.jpg\" alt=\"\" width=\"300\" height=\"169\" \/> <img loading=\"lazy\" decoding=\"async\" class=\"alignnone size-medium wp-image-14715\" src=\"https:\/\/drept.usm.md\/wp-content\/uploads\/20240229_155552-300x169.jpg\" alt=\"\" width=\"300\" height=\"169\" \/> <img loading=\"lazy\" decoding=\"async\" class=\"alignnone size-medium wp-image-14716\" src=\"https:\/\/drept.usm.md\/wp-content\/uploads\/20240229_155529-300x169.jpg\" alt=\"\" width=\"300\" height=\"169\" \/> <img loading=\"lazy\" decoding=\"async\" class=\"alignnone size-medium wp-image-14717\" src=\"https:\/\/drept.usm.md\/wp-content\/uploads\/20240229_155914-300x169.jpg\" alt=\"\" width=\"300\" height=\"169\" \/> <img loading=\"lazy\" decoding=\"async\" class=\"alignnone size-medium wp-image-14718\" src=\"https:\/\/drept.usm.md\/wp-content\/uploads\/20240229_162259-300x169.jpg\" alt=\"\" width=\"300\" height=\"169\" \/> <img loading=\"lazy\" decoding=\"async\" class=\"alignnone size-medium wp-image-14719\" src=\"https:\/\/drept.usm.md\/wp-content\/uploads\/20240229_162628-300x169.jpg\" alt=\"\" width=\"300\" height=\"169\" \/> <img loading=\"lazy\" decoding=\"async\" class=\"alignnone size-medium wp-image-14720\" src=\"https:\/\/drept.usm.md\/wp-content\/uploads\/20240229_162647-300x169.jpg\" alt=\"\" width=\"300\" height=\"169\" \/> <img loading=\"lazy\" decoding=\"async\" class=\"alignnone size-medium wp-image-14721\" src=\"https:\/\/drept.usm.md\/wp-content\/uploads\/20240229_162658-300x169.jpg\" alt=\"\" width=\"300\" height=\"169\" \/> <img loading=\"lazy\" decoding=\"async\" class=\"alignnone size-medium wp-image-14722\" src=\"https:\/\/drept.usm.md\/wp-content\/uploads\/20240229_162922-300x169.jpg\" alt=\"\" width=\"300\" height=\"169\" \/> <img loading=\"lazy\" decoding=\"async\" class=\"alignnone size-medium wp-image-14723\" src=\"https:\/\/drept.usm.md\/wp-content\/uploads\/20240229_161842-300x169.jpg\" alt=\"\" width=\"300\" height=\"169\" \/> <img loading=\"lazy\" decoding=\"async\" class=\"alignnone size-medium wp-image-14724\" src=\"https:\/\/drept.usm.md\/wp-content\/uploads\/20240229_162108-300x169.jpg\" alt=\"\" width=\"300\" height=\"169\" \/> <img loading=\"lazy\" decoding=\"async\" class=\"alignnone size-medium wp-image-14725\" src=\"https:\/\/drept.usm.md\/wp-content\/uploads\/20240229_162901-300x149.jpg\" alt=\"\" width=\"300\" height=\"149\" \/><\/p>","protected":false},"excerpt":{"rendered":"<p>Vizitele de studiu la Facultatea de Drept a Universit\u0103\u021bii de Stat din Moldova, \u00een contextul realiz\u0103rii programului de informare cu genericul ,,Student pentru o zi la USM \u2013 2024\u201d, sunt \u00een continu\u0103 desf\u0103\u0219urare. Joi, 29 februarie 2024, \u00een calitate de invita\u021bi, Facultatea de Drept a USM a g\u0103zduit elevi ai claselor absolvente din licee, \u00eenso\u021bi\u021bi&hellip; <br \/> <a class=\"read-more\" href=\"https:\/\/drept.usm.md\/?p=14700\">Cite\u0219te mai mult<\/a><\/p>\n","protected":false},"author":1,"featured_media":14710,"comment_status":"closed","ping_status":"closed","sticky":false,"template":"","format":"standard","meta":{"wp_social_preview_title":"","wp_social_preview_description":"","wp_social_preview_image":0,"footnotes":""},"categories":[4],"tags":[],"class_list":["post-14700","post","type-post","status-publish","format-standard","has-post-thumbnail","hentry","category-evenimente"],"rttpg_featured_image_url":{"full":["https:\/\/drept.usm.md\/wp-content\/uploads\/20240229_152457-scaled.jpg",2560,1441,false],"landscape":["https:\/\/drept.usm.md\/wp-content\/uploads\/20240229_152457-scaled.jpg",2560,1441,false],"portraits":["https:\/\/drept.usm.md\/wp-content\/uploads\/20240229_152457-scaled.jpg",2560,1441,false],"thumbnail":["https:\/\/drept.usm.md\/wp-content\/uploads\/20240229_152457-150x150.jpg",150,150,true],"medium":["https:\/\/drept.usm.md\/wp-content\/uploads\/20240229_152457-300x169.jpg",300,169,true],"large":["https:\/\/drept.usm.md\/wp-content\/uploads\/20240229_152457-1024x576.jpg",1024,576,true],"1536x1536":["https:\/\/drept.usm.md\/wp-content\/uploads\/20240229_152457-1536x864.jpg",1536,864,true],"2048x2048":["https:\/\/drept.usm.md\/wp-content\/uploads\/20240229_152457-2048x1153.jpg",2048,1153,true],"htmega_size_585x295":["https:\/\/drept.usm.md\/wp-content\/uploads\/20240229_152457-585x295.jpg",585,295,true],"htmega_size_1170x536":["https:\/\/drept.usm.md\/wp-content\/uploads\/20240229_152457-1170x536.jpg",1170,536,true],"htmega_size_396x360":["https:\/\/drept.usm.md\/wp-content\/uploads\/20240229_152457-396x360.jpg",396,360,true],"post-thumbnail":["https:\/\/drept.usm.md\/wp-content\/uploads\/20240229_152457-1024x576.jpg",1024,576,true],"mesmerize-full-hd":["https:\/\/drept.usm.md\/wp-content\/uploads\/20240229_152457-1920x1080.jpg",1920,1080,true],"wp_social_preview_default":["https:\/\/drept.usm.md\/wp-content\/uploads\/20240229_152457-1200x630.jpg",1200,630,true],"wp_social_preview_twitter":["https:\/\/drept.usm.md\/wp-content\/uploads\/20240229_152457-1200x600.jpg",1200,600,true],"wp_social_preview_twitter_square":["https:\/\/drept.usm.md\/wp-content\/uploads\/20240229_152457-600x600.jpg",600,600,true]},"rttpg_author":{"display_name":"rosenberg","author_link":"https:\/\/drept.usm.md\/?author=1"},"rttpg_comment":0,"rttpg_category":"<a href=\"https:\/\/drept.usm.md\/?cat=4\" rel=\"category\">Evenimente<\/a>","rttpg_excerpt":"Vizitele de studiu la Facultatea de Drept a Universit\u0103\u021bii de Stat din Moldova, \u00een contextul realiz\u0103rii programului de informare cu genericul ,,Student pentru o zi la USM \u2013 2024\u201d, sunt \u00een continu\u0103 desf\u0103\u0219urare. Joi, 29 februarie 2024, \u00een calitate de invita\u021bi, Facultatea de Drept a USM a g\u0103zduit elevi ai claselor absolvente din licee, \u00eenso\u021bi\u021bi&hellip;&hellip;","_links":{"self":[{"href":"https:\/\/drept.usm.md\/index.php?rest_route=\/wp\/v2\/posts\/14700","targetHints":{"allow":["GET"]}}],"collection":[{"href":"https:\/\/drept.usm.md\/index.php?rest_route=\/wp\/v2\/posts"}],"about":[{"href":"https:\/\/drept.usm.md\/index.php?rest_route=\/wp\/v2\/types\/post"}],"author":[{"embeddable":true,"href":"https:\/\/drept.usm.md\/index.php?rest_route=\/wp\/v2\/users\/1"}],"replies":[{"embeddable":true,"href":"https:\/\/drept.usm.md\/index.php?rest_route=%2Fwp%2Fv2%2Fcomments&post=14700"}],"version-history":[{"count":1,"href":"https:\/\/drept.usm.md\/index.php?rest_route=\/wp\/v2\/posts\/14700\/revisions"}],"predecessor-version":[{"id":14726,"href":"https:\/\/drept.usm.md\/index.php?rest_route=\/wp\/v2\/posts\/14700\/revisions\/14726"}],"wp:featuredmedia":[{"embeddable":true,"href":"https:\/\/drept.usm.md\/index.php?rest_route=\/wp\/v2\/media\/14710"}],"wp:attachment":[{"href":"https:\/\/drept.usm.md\/index.php?rest_route=%2Fwp%2Fv2%2Fmedia&parent=14700"}],"wp:term":[{"taxonomy":"category","embeddable":true,"href":"https:\/\/drept.usm.md\/index.php?rest_route=%2Fwp%2Fv2%2Fcategories&post=14700"},{"taxonomy":"post_tag","embeddable":true,"href":"https:\/\/drept.usm.md\/index.php?rest_route=%2Fwp%2Fv2%2Ftags&post=14700"}],"curies":[{"name":"wp","href":"https:\/\/api.w.org\/{rel}","templated":true}]}}