{"id":14840,"date":"2024-03-21T09:55:40","date_gmt":"2024-03-21T06:55:40","guid":{"rendered":"https:\/\/drept.usm.md\/?p=14840"},"modified":"2024-03-25T09:56:57","modified_gmt":"2024-03-25T06:56:57","slug":"vizita-de-studiu-la-paris-a-studentilor-filierei-francofone-drept-a-usm-a-inceput-cu-succes","status":"publish","type":"post","link":"https:\/\/drept.usm.md\/?p=14840","title":{"rendered":"Vizit\u0103 de studiu la Paris a studen\u021bilor Filierei Francofone Drept a USM, a \u00eenceput cu succes."},"content":{"rendered":"<p><\/p>\n<p class=\"yiv5758888948msonormal\" style=\"margin: 0cm; margin-bottom: .0001pt; text-align: justify; background: white;\"><span style=\"font-size: 13.0pt; color: black; background: white;\">Studen\u021bii Filierei Francofone Drept a Universit\u0103\u021bii de Stat din Moldova au demarat o vizit\u0103 de studiu la Paris, marcat\u0103 de o \u00eent\u00e2lnire cu Excelen\u021ba Sa Ambasadoarea Republicii Moldova \u00een Fran\u021ba, Corina C\u0103lug\u0103ru.<\/span><\/p>\n<p class=\"yiv5758888948msonormal\" style=\"margin: 0cm; margin-bottom: .0001pt; text-align: justify; background: white;\"><span style=\"font-size: 13.0pt; color: black; background: white;\">\u00a0<\/span><\/p>\n<p class=\"yiv5758888948msonormal\" style=\"margin: 0cm; margin-bottom: .0001pt; text-align: justify; background: white;\"><span style=\"font-size: 13.0pt; color: black; background: white;\">Studen\u021bii au descoperit rolul \u0219i atribu\u021biile misiunii diplomatice din Paris, care include promovarea \u0219i dezvoltarea rela\u021biilor bilaterale cu Fran\u021ba \u0219i Monaco, dar \u0219i celor multilaterale cu organiza\u021bii interna\u021bionale precum UNESCO \u0219i OIF, OIV, OCDE, AIE, etc.<\/span><\/p>\n<p class=\"yiv5758888948msonormal\" style=\"margin: 0cm; margin-bottom: .0001pt; text-align: justify; background: white;\"><span style=\"font-size: 13.0pt; color: black; background: white;\">\u00a0<\/span><\/p>\n<p class=\"yiv5758888948msonormal\" style=\"margin: 0cm; margin-bottom: .0001pt; text-align: justify; background: white;\"><span style=\"font-size: 13.0pt; color: black; background: white;\">Discu\u021biile au inclus perspectivele ader\u0103rii Republicii Moldova la Uniunea European\u0103, sus\u021binute de Fran\u021ba \u0219i Pre\u0219edintele Emmanuel Macron, precum \u0219i necesitatea atragerii investi\u021biilor \u00een \u021bar\u0103, care s\u0103 asigure noi locuri de munc\u0103 \u0219i dezvoltare economic\u0103, dar \u0219i servicii juridice de calitate.<\/span><\/p>\n<p class=\"yiv5758888948msonormal\" style=\"margin: 0cm; margin-bottom: .0001pt; text-align: justify; background: white;\"><span style=\"font-size: 13.0pt; color: black; background: white;\">\u00a0<\/span><\/p>\n<p class=\"yiv5758888948msonormal\" style=\"margin: 0cm; margin-bottom: .0001pt; text-align: justify; background: white;\"><span style=\"font-size: 13.0pt; color: black; background: white;\">Excelen\u021ba Sa a eviden\u021biat sus\u021binerea ambasadei \u00een promovarea francofoniei, inclusiv a parteneriatelor pentru liceele \u0219i universit\u0103\u021bile din Republica Moldova, subliniind importan\u021ba studierii limbii franceze \u0219i accesului la proiecte interna\u021bionale francofone.<\/span><\/p>\n<p class=\"yiv5758888948msonormal\" style=\"margin: 0cm; margin-bottom: .0001pt; text-align: justify; background: white;\"><span style=\"font-size: 13.0pt; color: black; background: white;\">Pentru acest an, misiunea este implicat\u0103 \u00een preg\u0103tirile Summit-ului Francofoniei din 4-5 octombrie, la Villers-Cotterets, dar \u0219i dezvoltarea noilor programe de cooperare francofon\u0103 pentru institu\u021biile din \u021bar\u0103.<\/span><\/p>\n<p class=\"yiv5758888948msonormal\" style=\"margin: 0cm; margin-bottom: .0001pt; text-align: justify; background: white;\"><span style=\"font-size: 13.0pt; color: black; background: white;\">\u00a0<\/span><\/p>\n<p class=\"yiv5758888948msonormal\" style=\"margin: 0cm; margin-bottom: .0001pt; text-align: justify; background: white;\"><span style=\"font-size: 13.0pt; color: black; background: white;\">\u00cen contextul cooper\u0103rii cu UNESCO au fost explicate durata de circa 2-5 ani \u0219i eforturile de promovare a unui dosar \u00een vederea \u00eenscrierii \u00een lista patrimoniului mondial material sau imaterial al UNESCO, ultimul fiind \u00eenscrierea \u00een decembrie 2022 \u00eempreun\u0103 cu Rom\u00e2nia a elementului C\u0103m\u0103\u0219ii cu alti\u021b\u0103. A fost punctat c\u0103 elementele materiale \u00eenregistrate de UNESCO asigur\u0103 \u0219i dezvoltarea turismului \u0219i \u00een aceste sens sunt promovate componentele Drumului Vinului Moldovei, inclusiv prin organizarea Congresului Mondial al Viei \u0219i Vinului \u00een Republica Moldova \u00een 2025.<\/span><\/p>\n<p class=\"yiv5758888948msonormal\" style=\"margin: 0cm; margin-bottom: .0001pt; text-align: justify; background: white;\"><span style=\"font-size: 13.0pt; color: black; background: white;\">\u00a0<\/span><\/p>\n<p class=\"yiv5758888948msonormal\" style=\"margin: 0cm; margin-bottom: .0001pt; text-align: justify; background: white;\"><span style=\"font-size: 13.0pt; color: black; background: white;\">Referinduse la profesia de diplomat, doamna Ambasadoare a men\u021bionat necesitatea cuno\u0219tin\u021belor temeinice, asiduit\u0103\u021bii, perseveren\u021bei, dedica\u021biei \u0219i sacrificiului, care de cele mai multe ori este invizibil sau mai pu\u021bin cunoscut. Activitatea de diplomat la fel implic\u0103 eforturi constante ale fiec\u0103ruia \u0219i \u00een echip\u0103, iar unele rezultate se observ\u0103 imediat sau \u00een timp. Printre unele rezultate este \u0219i sprijinul ob\u021binut \u00een realizarea proiectelor francofone \u0219i promovarea interna\u021bionaliz\u0103rii studiilor juridice de la Universitatea de Stat din Moldova.<\/span><\/p>\n<p class=\"yiv5758888948msonormal\" style=\"margin: 0cm; margin-bottom: .0001pt; text-align: justify; background: white;\"><span style=\"font-size: 13.0pt; color: black; background: white;\">\u00a0<\/span><\/p>\n<p class=\"yiv5758888948msonormal\" style=\"margin: 0cm; margin-bottom: .0001pt; text-align: justify; background: white;\"><span style=\"font-size: 13.0pt; color: black; background: white;\">Aceast\u0103 vizit\u0103 a fost sus\u021binut\u0103 de Ambasad\u0103 Republicii Franceze \u00een Republic\u0103 Moldova \u0219i Ambasada Republicii Moldova \u00een Republica Francez\u0103.<\/span><\/p>\n<p class=\"yiv5758888948msonormal\" style=\"margin: 0cm; margin-bottom: .0001pt; text-align: justify; background: white;\"><span style=\"font-size: 13.0pt; color: black; background: white;\">\u00a0<\/span><\/p>\n<p class=\"yiv5758888948msonormal\" style=\"margin: 0cm; margin-bottom: .0001pt; text-align: justify; background: white;\"><span style=\"font-size: 13.0pt; color: black; background: white;\">Filiera Francofon\u0103 Drept a USM aduce mul\u021bumiri doamnei Corina C\u0103lug\u0103ru, ambasadoarea Republicii Moldova \u00een Fran\u021ba \u0219i domnului Graham Paul, ambasadorul Fran\u021bei \u00een Republica Moldova.<\/span><\/p>\n<p><img fetchpriority=\"high\" decoding=\"async\" class=\"alignnone wp-image-14842 size-large\" src=\"https:\/\/drept.usm.md\/wp-content\/uploads\/BB30531A-FA4C-4BA0-AA2A-E8942BFA19C1-1024x768.jpeg\" alt=\"\" width=\"1024\" height=\"768\" \/> <img decoding=\"async\" class=\"alignnone wp-image-14843 size-large\" src=\"https:\/\/drept.usm.md\/wp-content\/uploads\/CCA5887A-8B99-4FED-958F-6F9C232F8321-1-1024x768.jpeg\" alt=\"\" width=\"1024\" height=\"768\" \/> <img decoding=\"async\" class=\"alignnone wp-image-14844 size-large\" src=\"https:\/\/drept.usm.md\/wp-content\/uploads\/9F060ECF-67D0-4E84-82C8-46274E13F08F-1024x768.jpeg\" alt=\"\" width=\"1024\" height=\"768\" \/><\/p>","protected":false},"excerpt":{"rendered":"<p>Studen\u021bii Filierei Francofone Drept a Universit\u0103\u021bii de Stat din Moldova au demarat o vizit\u0103 de studiu la Paris, marcat\u0103 de o \u00eent\u00e2lnire cu Excelen\u021ba Sa Ambasadoarea Republicii Moldova \u00een Fran\u021ba, Corina C\u0103lug\u0103ru. \u00a0 Studen\u021bii au descoperit rolul \u0219i atribu\u021biile misiunii diplomatice din Paris, care include promovarea \u0219i dezvoltarea rela\u021biilor bilaterale cu Fran\u021ba \u0219i Monaco, dar&hellip; <br \/> <a class=\"read-more\" href=\"https:\/\/drept.usm.md\/?p=14840\">Cite\u0219te mai mult<\/a><\/p>\n","protected":false},"author":1,"featured_media":14841,"comment_status":"closed","ping_status":"closed","sticky":false,"template":"","format":"standard","meta":{"wp_social_preview_title":"","wp_social_preview_description":"","wp_social_preview_image":0,"footnotes":""},"categories":[4],"tags":[],"class_list":["post-14840","post","type-post","status-publish","format-standard","has-post-thumbnail","hentry","category-evenimente"],"rttpg_featured_image_url":{"full":["https:\/\/drept.usm.md\/wp-content\/uploads\/CCA5887A-8B99-4FED-958F-6F9C232F8321.jpeg",1333,1000,false],"landscape":["https:\/\/drept.usm.md\/wp-content\/uploads\/CCA5887A-8B99-4FED-958F-6F9C232F8321.jpeg",1333,1000,false],"portraits":["https:\/\/drept.usm.md\/wp-content\/uploads\/CCA5887A-8B99-4FED-958F-6F9C232F8321.jpeg",1333,1000,false],"thumbnail":["https:\/\/drept.usm.md\/wp-content\/uploads\/CCA5887A-8B99-4FED-958F-6F9C232F8321-150x150.jpeg",150,150,true],"medium":["https:\/\/drept.usm.md\/wp-content\/uploads\/CCA5887A-8B99-4FED-958F-6F9C232F8321-300x225.jpeg",300,225,true],"large":["https:\/\/drept.usm.md\/wp-content\/uploads\/CCA5887A-8B99-4FED-958F-6F9C232F8321-1024x768.jpeg",1024,768,true],"1536x1536":["https:\/\/drept.usm.md\/wp-content\/uploads\/CCA5887A-8B99-4FED-958F-6F9C232F8321.jpeg",1333,1000,false],"2048x2048":["https:\/\/drept.usm.md\/wp-content\/uploads\/CCA5887A-8B99-4FED-958F-6F9C232F8321.jpeg",1333,1000,false],"htmega_size_585x295":["https:\/\/drept.usm.md\/wp-content\/uploads\/CCA5887A-8B99-4FED-958F-6F9C232F8321-585x295.jpeg",585,295,true],"htmega_size_1170x536":["https:\/\/drept.usm.md\/wp-content\/uploads\/CCA5887A-8B99-4FED-958F-6F9C232F8321-1170x536.jpeg",1170,536,true],"htmega_size_396x360":["https:\/\/drept.usm.md\/wp-content\/uploads\/CCA5887A-8B99-4FED-958F-6F9C232F8321-396x360.jpeg",396,360,true],"post-thumbnail":["https:\/\/drept.usm.md\/wp-content\/uploads\/CCA5887A-8B99-4FED-958F-6F9C232F8321-1024x768.jpeg",1024,768,true],"mesmerize-full-hd":["https:\/\/drept.usm.md\/wp-content\/uploads\/CCA5887A-8B99-4FED-958F-6F9C232F8321.jpeg",1333,1000,false],"wp_social_preview_default":["https:\/\/drept.usm.md\/wp-content\/uploads\/CCA5887A-8B99-4FED-958F-6F9C232F8321-1200x630.jpeg",1200,630,true],"wp_social_preview_twitter":["https:\/\/drept.usm.md\/wp-content\/uploads\/CCA5887A-8B99-4FED-958F-6F9C232F8321-1200x600.jpeg",1200,600,true],"wp_social_preview_twitter_square":["https:\/\/drept.usm.md\/wp-content\/uploads\/CCA5887A-8B99-4FED-958F-6F9C232F8321-600x600.jpeg",600,600,true]},"rttpg_author":{"display_name":"rosenberg","author_link":"https:\/\/drept.usm.md\/?author=1"},"rttpg_comment":0,"rttpg_category":"<a href=\"https:\/\/drept.usm.md\/?cat=4\" rel=\"category\">Evenimente<\/a>","rttpg_excerpt":"Studen\u021bii Filierei Francofone Drept a Universit\u0103\u021bii de Stat din Moldova au demarat o vizit\u0103 de studiu la Paris, marcat\u0103 de o \u00eent\u00e2lnire cu Excelen\u021ba Sa Ambasadoarea Republicii Moldova \u00een Fran\u021ba, Corina C\u0103lug\u0103ru. \u00a0 Studen\u021bii au descoperit rolul \u0219i atribu\u021biile misiunii diplomatice din Paris, care include promovarea \u0219i dezvoltarea rela\u021biilor bilaterale cu Fran\u021ba \u0219i Monaco, dar&hellip;&hellip;","_links":{"self":[{"href":"https:\/\/drept.usm.md\/index.php?rest_route=\/wp\/v2\/posts\/14840","targetHints":{"allow":["GET"]}}],"collection":[{"href":"https:\/\/drept.usm.md\/index.php?rest_route=\/wp\/v2\/posts"}],"about":[{"href":"https:\/\/drept.usm.md\/index.php?rest_route=\/wp\/v2\/types\/post"}],"author":[{"embeddable":true,"href":"https:\/\/drept.usm.md\/index.php?rest_route=\/wp\/v2\/users\/1"}],"replies":[{"embeddable":true,"href":"https:\/\/drept.usm.md\/index.php?rest_route=%2Fwp%2Fv2%2Fcomments&post=14840"}],"version-history":[{"count":2,"href":"https:\/\/drept.usm.md\/index.php?rest_route=\/wp\/v2\/posts\/14840\/revisions"}],"predecessor-version":[{"id":14846,"href":"https:\/\/drept.usm.md\/index.php?rest_route=\/wp\/v2\/posts\/14840\/revisions\/14846"}],"wp:featuredmedia":[{"embeddable":true,"href":"https:\/\/drept.usm.md\/index.php?rest_route=\/wp\/v2\/media\/14841"}],"wp:attachment":[{"href":"https:\/\/drept.usm.md\/index.php?rest_route=%2Fwp%2Fv2%2Fmedia&parent=14840"}],"wp:term":[{"taxonomy":"category","embeddable":true,"href":"https:\/\/drept.usm.md\/index.php?rest_route=%2Fwp%2Fv2%2Fcategories&post=14840"},{"taxonomy":"post_tag","embeddable":true,"href":"https:\/\/drept.usm.md\/index.php?rest_route=%2Fwp%2Fv2%2Ftags&post=14840"}],"curies":[{"name":"wp","href":"https:\/\/api.w.org\/{rel}","templated":true}]}}