{"id":17038,"date":"2025-04-10T14:15:12","date_gmt":"2025-04-10T11:15:12","guid":{"rendered":"https:\/\/drept.usm.md\/?p=17038"},"modified":"2025-04-14T14:19:52","modified_gmt":"2025-04-14T11:19:52","slug":"%f0%9f%93%a2-conferinta-stiintifica-nationala-cu-participare-internationala-provocari-actuale-in-securitatea-frontierei-si-protectia-internationala-10-aprilie-2025","status":"publish","type":"post","link":"https:\/\/drept.usm.md\/?p=17038","title":{"rendered":"\ud83d\udce2 Conferin\u021b\u0103 \u0219tiin\u021bific\u0103 na\u021bional\u0103 cu participare interna\u021bional\u0103 \u201eProvoc\u0103ri actuale \u00een securitatea frontierei \u0219i protec\u021bia interna\u021bional\u0103\u201d, 10 aprilie 2025"},"content":{"rendered":"<p><\/p>\n<div dir=\"auto\"><span style=\"font-size: 16px;\">Facultatea de Drept a USM a fost onorat\u0103 s\u0103 g\u0103zduiasc\u0103 un eveniment \u0219tiin\u021bific de amploare, organizat \u00een colaborare cu Oficiul Avocatului Poporului, \u0218coala Doctoral\u0103 \u0218tiin\u021be Juridice \u0219i Economice a USM, Agen\u021bia ONU pentru Refugia\u021bi (UNHCR) \u0219i Oficiul Consiliului Europei din Republica Moldova.<\/span><\/div>\n<div dir=\"auto\"><span style=\"font-size: 16px;\">Conferin\u021ba a reunit reprezentan\u021bi ai mediului academic, exper\u021bi \u00een domeniul migra\u021biei \u0219i securit\u0103\u021bii, avoca\u021bi, doctoranzi, dar \u0219i oficiali din cadrul autorit\u0103\u021bilor publice relevante, pentru a aborda provoc\u0103rile actuale \u00een securitatea frontierei \u0219i protec\u021bia interna\u021bional\u0103.<\/span><\/div>\n<div dir=\"auto\"><span style=\"font-size: 16px;\"><span class=\"html-span xexx8yu x4uap5 x18d9i69 xkhd6sd x1hl2dhg x16tdsg8 x1vvkbs x3nfvp2 x1j61x8r x1fcty0u xdj266r xat24cr xgzva0m xhhsvwb xxymvpz xlup9mm x1kky2od\"><img decoding=\"async\" class=\"xz74otr x168nmei x13lgxp2 x5pf9jr xo71vjh\" src=\"https:\/\/static.xx.fbcdn.net\/images\/emoji.php\/v9\/t2b\/1\/16\/1f399.png\" alt=\"\ud83c\udf99\ufe0f\" width=\"16\" height=\"16\" \/><\/span> Printre invita\u021bii de onoare s-au num\u0103rat:<\/span><\/div>\n<div dir=\"auto\"><span style=\"font-size: 16px;\"><span class=\"html-span xexx8yu x4uap5 x18d9i69 xkhd6sd x1hl2dhg x16tdsg8 x1vvkbs x3nfvp2 x1j61x8r x1fcty0u xdj266r xat24cr xgzva0m xhhsvwb xxymvpz xlup9mm x1kky2od\"><img decoding=\"async\" class=\"xz74otr x168nmei x13lgxp2 x5pf9jr xo71vjh\" src=\"https:\/\/static.xx.fbcdn.net\/images\/emoji.php\/v9\/tf3\/1\/16\/1f539.png\" alt=\"\ud83d\udd39\" width=\"16\" height=\"16\" \/><\/span> Dna Katie LAMP \u2013 Reprezentanta UNHCR \u00een Republica Moldova<\/span><\/div>\n<div dir=\"auto\"><span style=\"font-size: 16px;\"><span class=\"html-span xexx8yu x4uap5 x18d9i69 xkhd6sd x1hl2dhg x16tdsg8 x1vvkbs x3nfvp2 x1j61x8r x1fcty0u xdj266r xat24cr xgzva0m xhhsvwb xxymvpz xlup9mm x1kky2od\"><img decoding=\"async\" class=\"xz74otr x168nmei x13lgxp2 x5pf9jr xo71vjh\" src=\"https:\/\/static.xx.fbcdn.net\/images\/emoji.php\/v9\/tf3\/1\/16\/1f539.png\" alt=\"\ud83d\udd39\" width=\"16\" height=\"16\" \/><\/span> Dl Falk LANGE \u2013 \u0218eful Oficiului Consiliului Europei la Chi\u0219in\u0103u<\/span><\/div>\n<div dir=\"auto\"><span style=\"font-size: 16px;\"><span class=\"html-span xexx8yu x4uap5 x18d9i69 xkhd6sd x1hl2dhg x16tdsg8 x1vvkbs x3nfvp2 x1j61x8r x1fcty0u xdj266r xat24cr xgzva0m xhhsvwb xxymvpz xlup9mm x1kky2od\"><img decoding=\"async\" class=\"xz74otr x168nmei x13lgxp2 x5pf9jr xo71vjh\" src=\"https:\/\/static.xx.fbcdn.net\/images\/emoji.php\/v9\/tf3\/1\/16\/1f539.png\" alt=\"\ud83d\udd39\" width=\"16\" height=\"16\" \/><\/span> Dl Ceslav PANICO \u2013 Avocatul Poporului \u00een Republica Moldova<\/span><\/div>\n<div dir=\"auto\"><span style=\"font-size: 16px;\"><span class=\"html-span xexx8yu x4uap5 x18d9i69 xkhd6sd x1hl2dhg x16tdsg8 x1vvkbs x3nfvp2 x1j61x8r x1fcty0u xdj266r xat24cr xgzva0m xhhsvwb xxymvpz xlup9mm x1kky2od\"><img decoding=\"async\" class=\"xz74otr x168nmei x13lgxp2 x5pf9jr xo71vjh\" src=\"https:\/\/static.xx.fbcdn.net\/images\/emoji.php\/v9\/tac\/1\/16\/1f4cc.png\" alt=\"\ud83d\udccc\" width=\"16\" height=\"16\" \/><\/span> Deschiderea oficial\u0103 a fost marcat\u0103 de mesajele din partea:<\/span><\/div>\n<div dir=\"auto\"><span style=\"font-size: 16px;\"><span class=\"html-span xexx8yu x4uap5 x18d9i69 xkhd6sd x1hl2dhg x16tdsg8 x1vvkbs x3nfvp2 x1j61x8r x1fcty0u xdj266r xat24cr xgzva0m xhhsvwb xxymvpz xlup9mm x1kky2od\"><img loading=\"lazy\" decoding=\"async\" class=\"xz74otr x168nmei x13lgxp2 x5pf9jr xo71vjh\" src=\"https:\/\/static.xx.fbcdn.net\/images\/emoji.php\/v9\/t4c\/1\/16\/25aa.png\" alt=\"\u25aa\ufe0f\" width=\"16\" height=\"16\" \/><\/span> Dnei Svetlana SLUSARENCO, dr. \u00een drept, conf. univ., Directoare a \u0218colii Doctorale \u0218tiin\u021be Juridice \u0219i Economice, USM<\/span><\/div>\n<div dir=\"auto\"><span style=\"font-size: 16px;\"><span class=\"html-span xexx8yu x4uap5 x18d9i69 xkhd6sd x1hl2dhg x16tdsg8 x1vvkbs x3nfvp2 x1j61x8r x1fcty0u xdj266r xat24cr xgzva0m xhhsvwb xxymvpz xlup9mm x1kky2od\"><img loading=\"lazy\" decoding=\"async\" class=\"xz74otr x168nmei x13lgxp2 x5pf9jr xo71vjh\" src=\"https:\/\/static.xx.fbcdn.net\/images\/emoji.php\/v9\/t4c\/1\/16\/25aa.png\" alt=\"\u25aa\ufe0f\" width=\"16\" height=\"16\" \/><\/span> Dlui Alexandru ZUBCO, reprezentant al Oficiului Avocatului Poporului<\/span><\/div>\n<div dir=\"auto\"><span style=\"font-size: 16px;\"><span class=\"html-span xexx8yu x4uap5 x18d9i69 xkhd6sd x1hl2dhg x16tdsg8 x1vvkbs x3nfvp2 x1j61x8r x1fcty0u xdj266r xat24cr xgzva0m xhhsvwb xxymvpz xlup9mm x1kky2od\"><img loading=\"lazy\" decoding=\"async\" class=\"xz74otr x168nmei x13lgxp2 x5pf9jr xo71vjh\" src=\"https:\/\/static.xx.fbcdn.net\/images\/emoji.php\/v9\/t4c\/1\/16\/25aa.png\" alt=\"\u25aa\ufe0f\" width=\"16\" height=\"16\" \/><\/span> Dnei Liliana \u021aURCAN, dr. \u00een drept, conf. univ., Prodecan\u0103 a Facult\u0103\u021bii de Drept, USM<\/span><\/div>\n<div dir=\"auto\"><span style=\"font-size: 16px;\"><span class=\"html-span xexx8yu x4uap5 x18d9i69 xkhd6sd x1hl2dhg x16tdsg8 x1vvkbs x3nfvp2 x1j61x8r x1fcty0u xdj266r xat24cr xgzva0m xhhsvwb xxymvpz xlup9mm x1kky2od\"><img loading=\"lazy\" decoding=\"async\" class=\"xz74otr x168nmei x13lgxp2 x5pf9jr xo71vjh\" src=\"https:\/\/static.xx.fbcdn.net\/images\/emoji.php\/v9\/t49\/1\/16\/1f4da.png\" alt=\"\ud83d\udcda\" width=\"16\" height=\"16\" \/><\/span> Participan\u021bii au discutat subiecte esen\u021biale precum:<\/span><\/div>\n<div dir=\"auto\"><span style=\"font-size: 16px;\"><span class=\"html-span xexx8yu x4uap5 x18d9i69 xkhd6sd x1hl2dhg x16tdsg8 x1vvkbs x3nfvp2 x1j61x8r x1fcty0u xdj266r xat24cr xgzva0m xhhsvwb xxymvpz xlup9mm x1kky2od\"><img loading=\"lazy\" decoding=\"async\" class=\"xz74otr x168nmei x13lgxp2 x5pf9jr xo71vjh\" src=\"https:\/\/static.xx.fbcdn.net\/images\/emoji.php\/v9\/t33\/1\/16\/2705.png\" alt=\"\u2705\" width=\"16\" height=\"16\" \/><\/span> Situa\u021bia \u0219i protec\u021bia persoanelor str\u0103mutate \u00een Republica Moldova<\/span><\/div>\n<div dir=\"auto\"><span style=\"font-size: 16px;\"><span class=\"html-span xexx8yu x4uap5 x18d9i69 xkhd6sd x1hl2dhg x16tdsg8 x1vvkbs x3nfvp2 x1j61x8r x1fcty0u xdj266r xat24cr xgzva0m xhhsvwb xxymvpz xlup9mm x1kky2od\"><img loading=\"lazy\" decoding=\"async\" class=\"xz74otr x168nmei x13lgxp2 x5pf9jr xo71vjh\" src=\"https:\/\/static.xx.fbcdn.net\/images\/emoji.php\/v9\/t33\/1\/16\/2705.png\" alt=\"\u2705\" width=\"16\" height=\"16\" \/><\/span> Riscurile asupra securit\u0103\u021bii na\u021bionale \u0219i ordinii publice \u00een contextul migra\u021biei<\/span><\/div>\n<div dir=\"auto\"><span style=\"font-size: 16px;\"><span class=\"html-span xexx8yu x4uap5 x18d9i69 xkhd6sd x1hl2dhg x16tdsg8 x1vvkbs x3nfvp2 x1j61x8r x1fcty0u xdj266r xat24cr xgzva0m xhhsvwb xxymvpz xlup9mm x1kky2od\"><img loading=\"lazy\" decoding=\"async\" class=\"xz74otr x168nmei x13lgxp2 x5pf9jr xo71vjh\" src=\"https:\/\/static.xx.fbcdn.net\/images\/emoji.php\/v9\/t33\/1\/16\/2705.png\" alt=\"\u2705\" width=\"16\" height=\"16\" \/><\/span> Rolul institu\u021biei Ombudsmanului \u00een monitorizarea drepturilor omului<\/span><\/div>\n<div dir=\"auto\"><span style=\"font-size: 16px;\"><span class=\"html-span xexx8yu x4uap5 x18d9i69 xkhd6sd x1hl2dhg x16tdsg8 x1vvkbs x3nfvp2 x1j61x8r x1fcty0u xdj266r xat24cr xgzva0m xhhsvwb xxymvpz xlup9mm x1kky2od\"><img loading=\"lazy\" decoding=\"async\" class=\"xz74otr x168nmei x13lgxp2 x5pf9jr xo71vjh\" src=\"https:\/\/static.xx.fbcdn.net\/images\/emoji.php\/v9\/t33\/1\/16\/2705.png\" alt=\"\u2705\" width=\"16\" height=\"16\" \/><\/span> Contribu\u021bia structurilor de frontier\u0103, poli\u021biei na\u021bionale, serviciilor de securitate \u0219i inspectorilor de migra\u021bie \u00een protejarea drepturilor persoanelor str\u0103ine<\/span><\/div>\n<div dir=\"auto\"><span style=\"font-size: 16px;\"><span class=\"html-span xexx8yu x4uap5 x18d9i69 xkhd6sd x1hl2dhg x16tdsg8 x1vvkbs x3nfvp2 x1j61x8r x1fcty0u xdj266r xat24cr xgzva0m xhhsvwb xxymvpz xlup9mm x1kky2od\"><img loading=\"lazy\" decoding=\"async\" class=\"xz74otr x168nmei x13lgxp2 x5pf9jr xo71vjh\" src=\"https:\/\/static.xx.fbcdn.net\/images\/emoji.php\/v9\/t64\/1\/16\/1f91d.png\" alt=\"\ud83e\udd1d\" width=\"16\" height=\"16\" \/><\/span> Mul\u021bumim tuturor celor implica\u021bi pentru contribu\u021bia valoroas\u0103 la consolidarea dialogului academic \u0219i institu\u021bional \u00een domeniul protec\u021biei interna\u021bionale \u0219i al securit\u0103\u021bii!<\/span><\/div>\n<div dir=\"auto\"><span style=\"font-size: 16px;\"><span class=\"html-span xdj266r x11i5rnm xat24cr x1mh8g0r xexx8yu x4uap5 x18d9i69 xkhd6sd x1hl2dhg x16tdsg8 x1vvkbs\"><a class=\"x1i10hfl xjbqb8w x1ejq31n xd10rxx x1sy0etr x17r0tee x972fbf xcfux6l x1qhh985 xm0m39n x9f619 x1ypdohk xt0psk2 xe8uvvx xdj266r x11i5rnm xat24cr x1mh8g0r xexx8yu x4uap5 x18d9i69 xkhd6sd x16tdsg8 x1hl2dhg xggy1nq x1a2a7pz xkrqix3 x1sur9pj x1fey0fg x1s688f\" tabindex=\"0\" role=\"link\" href=\"https:\/\/www.facebook.com\/hashtag\/facultateadedreptusm?__eep__=6&amp;__cft__[0]=AZV-jvuZmd8SdC3qML_0tpeb3FIc90gUXxsDPCh5xlzWLxCgZnFOyA3bNsi1ODIKIOu-2p66By_HgwZc1CVWHBFlOzMuFVwgAaQ_1fgQdKQiIfYtXlXDmWJa332ta7QK1sU70PlRGqT42jFebuLW9yG-VVEAdtmW6T7T1rEVA8-6rfF92iv7t-JQDzrmmNehsVDJjp6-8e7kWsoo-fP60SzC&amp;__tn__=*NK-R\">#FacultateaDeDreptUSM<\/a><\/span> <span class=\"html-span xdj266r x11i5rnm xat24cr x1mh8g0r xexx8yu x4uap5 x18d9i69 xkhd6sd x1hl2dhg x16tdsg8 x1vvkbs\"><a class=\"x1i10hfl xjbqb8w x1ejq31n xd10rxx x1sy0etr x17r0tee x972fbf xcfux6l x1qhh985 xm0m39n x9f619 x1ypdohk xt0psk2 xe8uvvx xdj266r x11i5rnm xat24cr x1mh8g0r xexx8yu x4uap5 x18d9i69 xkhd6sd x16tdsg8 x1hl2dhg xggy1nq x1a2a7pz xkrqix3 x1sur9pj x1fey0fg x1s688f\" tabindex=\"0\" role=\"link\" href=\"https:\/\/www.facebook.com\/hashtag\/usm?__eep__=6&amp;__cft__[0]=AZV-jvuZmd8SdC3qML_0tpeb3FIc90gUXxsDPCh5xlzWLxCgZnFOyA3bNsi1ODIKIOu-2p66By_HgwZc1CVWHBFlOzMuFVwgAaQ_1fgQdKQiIfYtXlXDmWJa332ta7QK1sU70PlRGqT42jFebuLW9yG-VVEAdtmW6T7T1rEVA8-6rfF92iv7t-JQDzrmmNehsVDJjp6-8e7kWsoo-fP60SzC&amp;__tn__=*NK-R\">#USM<\/a><\/span> <span class=\"html-span xdj266r x11i5rnm xat24cr x1mh8g0r xexx8yu x4uap5 x18d9i69 xkhd6sd x1hl2dhg x16tdsg8 x1vvkbs\"><a class=\"x1i10hfl xjbqb8w x1ejq31n xd10rxx x1sy0etr x17r0tee x972fbf xcfux6l x1qhh985 xm0m39n x9f619 x1ypdohk xt0psk2 xe8uvvx xdj266r x11i5rnm xat24cr x1mh8g0r xexx8yu x4uap5 x18d9i69 xkhd6sd x16tdsg8 x1hl2dhg xggy1nq x1a2a7pz xkrqix3 x1sur9pj x1fey0fg x1s688f\" tabindex=\"0\" role=\"link\" href=\"https:\/\/www.facebook.com\/hashtag\/conferin%C8%9B%C4%83%C8%99tiin%C8%9Bific%C4%83?__eep__=6&amp;__cft__[0]=AZV-jvuZmd8SdC3qML_0tpeb3FIc90gUXxsDPCh5xlzWLxCgZnFOyA3bNsi1ODIKIOu-2p66By_HgwZc1CVWHBFlOzMuFVwgAaQ_1fgQdKQiIfYtXlXDmWJa332ta7QK1sU70PlRGqT42jFebuLW9yG-VVEAdtmW6T7T1rEVA8-6rfF92iv7t-JQDzrmmNehsVDJjp6-8e7kWsoo-fP60SzC&amp;__tn__=*NK-R\">#Conferin\u021b\u0103\u0218tiin\u021bific\u0103<\/a><\/span> <span class=\"html-span xdj266r x11i5rnm xat24cr x1mh8g0r xexx8yu x4uap5 x18d9i69 xkhd6sd x1hl2dhg x16tdsg8 x1vvkbs\"><a class=\"x1i10hfl xjbqb8w x1ejq31n xd10rxx x1sy0etr x17r0tee x972fbf xcfux6l x1qhh985 xm0m39n x9f619 x1ypdohk xt0psk2 xe8uvvx xdj266r x11i5rnm xat24cr x1mh8g0r xexx8yu x4uap5 x18d9i69 xkhd6sd x16tdsg8 x1hl2dhg xggy1nq x1a2a7pz xkrqix3 x1sur9pj x1fey0fg x1s688f\" tabindex=\"0\" role=\"link\" href=\"https:\/\/www.facebook.com\/hashtag\/protec%C8%9Biainterna%C8%9Bional%C4%83?__eep__=6&amp;__cft__[0]=AZV-jvuZmd8SdC3qML_0tpeb3FIc90gUXxsDPCh5xlzWLxCgZnFOyA3bNsi1ODIKIOu-2p66By_HgwZc1CVWHBFlOzMuFVwgAaQ_1fgQdKQiIfYtXlXDmWJa332ta7QK1sU70PlRGqT42jFebuLW9yG-VVEAdtmW6T7T1rEVA8-6rfF92iv7t-JQDzrmmNehsVDJjp6-8e7kWsoo-fP60SzC&amp;__tn__=*NK-R\">#Protec\u021biaInterna\u021bional\u0103<\/a><\/span> <span class=\"html-span xdj266r x11i5rnm xat24cr x1mh8g0r xexx8yu x4uap5 x18d9i69 xkhd6sd x1hl2dhg x16tdsg8 x1vvkbs\"><a class=\"x1i10hfl xjbqb8w x1ejq31n xd10rxx x1sy0etr x17r0tee x972fbf xcfux6l x1qhh985 xm0m39n x9f619 x1ypdohk xt0psk2 xe8uvvx xdj266r x11i5rnm xat24cr x1mh8g0r xexx8yu x4uap5 x18d9i69 xkhd6sd x16tdsg8 x1hl2dhg xggy1nq x1a2a7pz xkrqix3 x1sur9pj x1fey0fg x1s688f\" tabindex=\"0\" role=\"link\" href=\"https:\/\/www.facebook.com\/hashtag\/securitateafrontierei?__eep__=6&amp;__cft__[0]=AZV-jvuZmd8SdC3qML_0tpeb3FIc90gUXxsDPCh5xlzWLxCgZnFOyA3bNsi1ODIKIOu-2p66By_HgwZc1CVWHBFlOzMuFVwgAaQ_1fgQdKQiIfYtXlXDmWJa332ta7QK1sU70PlRGqT42jFebuLW9yG-VVEAdtmW6T7T1rEVA8-6rfF92iv7t-JQDzrmmNehsVDJjp6-8e7kWsoo-fP60SzC&amp;__tn__=*NK-R\">#SecuritateaFrontierei<\/a><\/span> <span class=\"html-span xdj266r x11i5rnm xat24cr x1mh8g0r xexx8yu x4uap5 x18d9i69 xkhd6sd x1hl2dhg x16tdsg8 x1vvkbs\"><a class=\"x1i10hfl xjbqb8w x1ejq31n xd10rxx x1sy0etr x17r0tee x972fbf xcfux6l x1qhh985 xm0m39n x9f619 x1ypdohk xt0psk2 xe8uvvx xdj266r x11i5rnm xat24cr x1mh8g0r xexx8yu x4uap5 x18d9i69 xkhd6sd x16tdsg8 x1hl2dhg xggy1nq x1a2a7pz xkrqix3 x1sur9pj x1fey0fg x1s688f\" tabindex=\"0\" role=\"link\" href=\"https:\/\/www.facebook.com\/hashtag\/drepturileomului?__eep__=6&amp;__cft__[0]=AZV-jvuZmd8SdC3qML_0tpeb3FIc90gUXxsDPCh5xlzWLxCgZnFOyA3bNsi1ODIKIOu-2p66By_HgwZc1CVWHBFlOzMuFVwgAaQ_1fgQdKQiIfYtXlXDmWJa332ta7QK1sU70PlRGqT42jFebuLW9yG-VVEAdtmW6T7T1rEVA8-6rfF92iv7t-JQDzrmmNehsVDJjp6-8e7kWsoo-fP60SzC&amp;__tn__=*NK-R\">#DrepturileOmului<\/a><\/span> <span class=\"html-span xdj266r x11i5rnm xat24cr x1mh8g0r xexx8yu x4uap5 x18d9i69 xkhd6sd x1hl2dhg x16tdsg8 x1vvkbs\"><a class=\"x1i10hfl xjbqb8w x1ejq31n xd10rxx x1sy0etr x17r0tee x972fbf xcfux6l x1qhh985 xm0m39n x9f619 x1ypdohk xt0psk2 xe8uvvx xdj266r x11i5rnm xat24cr x1mh8g0r xexx8yu x4uap5 x18d9i69 xkhd6sd x16tdsg8 x1hl2dhg xggy1nq x1a2a7pz xkrqix3 x1sur9pj x1fey0fg x1s688f\" tabindex=\"0\" role=\"link\" href=\"https:\/\/www.facebook.com\/hashtag\/unhcr?__eep__=6&amp;__cft__[0]=AZV-jvuZmd8SdC3qML_0tpeb3FIc90gUXxsDPCh5xlzWLxCgZnFOyA3bNsi1ODIKIOu-2p66By_HgwZc1CVWHBFlOzMuFVwgAaQ_1fgQdKQiIfYtXlXDmWJa332ta7QK1sU70PlRGqT42jFebuLW9yG-VVEAdtmW6T7T1rEVA8-6rfF92iv7t-JQDzrmmNehsVDJjp6-8e7kWsoo-fP60SzC&amp;__tn__=*NK-R\">#UNHCR<\/a><\/span> <span class=\"html-span xdj266r x11i5rnm xat24cr x1mh8g0r xexx8yu x4uap5 x18d9i69 xkhd6sd x1hl2dhg x16tdsg8 x1vvkbs\"><a class=\"x1i10hfl xjbqb8w x1ejq31n xd10rxx x1sy0etr x17r0tee x972fbf xcfux6l x1qhh985 xm0m39n x9f619 x1ypdohk xt0psk2 xe8uvvx xdj266r x11i5rnm xat24cr x1mh8g0r xexx8yu x4uap5 x18d9i69 xkhd6sd x16tdsg8 x1hl2dhg xggy1nq x1a2a7pz xkrqix3 x1sur9pj x1fey0fg x1s688f\" tabindex=\"0\" role=\"link\" href=\"https:\/\/www.facebook.com\/hashtag\/consiliuleuropei?__eep__=6&amp;__cft__[0]=AZV-jvuZmd8SdC3qML_0tpeb3FIc90gUXxsDPCh5xlzWLxCgZnFOyA3bNsi1ODIKIOu-2p66By_HgwZc1CVWHBFlOzMuFVwgAaQ_1fgQdKQiIfYtXlXDmWJa332ta7QK1sU70PlRGqT42jFebuLW9yG-VVEAdtmW6T7T1rEVA8-6rfF92iv7t-JQDzrmmNehsVDJjp6-8e7kWsoo-fP60SzC&amp;__tn__=*NK-R\">#ConsiliulEuropei<\/a><\/span> <span class=\"html-span xdj266r x11i5rnm xat24cr x1mh8g0r xexx8yu x4uap5 x18d9i69 xkhd6sd x1hl2dhg x16tdsg8 x1vvkbs\"><a class=\"x1i10hfl xjbqb8w x1ejq31n xd10rxx x1sy0etr x17r0tee x972fbf xcfux6l x1qhh985 xm0m39n x9f619 x1ypdohk xt0psk2 xe8uvvx xdj266r x11i5rnm xat24cr x1mh8g0r xexx8yu x4uap5 x18d9i69 xkhd6sd x16tdsg8 x1hl2dhg xggy1nq x1a2a7pz xkrqix3 x1sur9pj x1fey0fg x1s688f\" tabindex=\"0\" role=\"link\" href=\"https:\/\/www.facebook.com\/hashtag\/avocatulpoporului?__eep__=6&amp;__cft__[0]=AZV-jvuZmd8SdC3qML_0tpeb3FIc90gUXxsDPCh5xlzWLxCgZnFOyA3bNsi1ODIKIOu-2p66By_HgwZc1CVWHBFlOzMuFVwgAaQ_1fgQdKQiIfYtXlXDmWJa332ta7QK1sU70PlRGqT42jFebuLW9yG-VVEAdtmW6T7T1rEVA8-6rfF92iv7t-JQDzrmmNehsVDJjp6-8e7kWsoo-fP60SzC&amp;__tn__=*NK-R\">#AvocatulPoporului<\/a><\/span><\/span><\/div>\n<p>&nbsp;<\/p>\n<p><img loading=\"lazy\" decoding=\"async\" class=\"alignnone size-medium wp-image-17039\" src=\"https:\/\/drept.usm.md\/wp-content\/uploads\/486523356_122123474138789915_5007907558238273500_n-300x200.jpg\" alt=\"\" width=\"300\" height=\"200\" \/> <img loading=\"lazy\" decoding=\"async\" class=\"alignnone size-medium wp-image-17040\" src=\"https:\/\/drept.usm.md\/wp-content\/uploads\/486768487_122123473406789915_140721058992898567_n-300x225.jpg\" alt=\"\" width=\"300\" height=\"225\" \/> <img loading=\"lazy\" decoding=\"async\" class=\"alignnone size-medium wp-image-17041\" src=\"https:\/\/drept.usm.md\/wp-content\/uploads\/487105754_122123473832789915_193651182639431346_n-300x200.jpg\" alt=\"\" width=\"300\" height=\"200\" \/> <img loading=\"lazy\" decoding=\"async\" class=\"alignnone size-medium wp-image-17042\" src=\"https:\/\/drept.usm.md\/wp-content\/uploads\/487784781_122123473538789915_4792104701377081735_n-300x200.jpg\" alt=\"\" width=\"300\" height=\"200\" \/> <img loading=\"lazy\" decoding=\"async\" class=\"alignnone size-medium wp-image-17043\" src=\"https:\/\/drept.usm.md\/wp-content\/uploads\/487813135_122123473448789915_5022500244905669643_n-300x200.jpg\" alt=\"\" width=\"300\" height=\"200\" \/> <img loading=\"lazy\" decoding=\"async\" class=\"alignnone size-medium wp-image-17044\" src=\"https:\/\/drept.usm.md\/wp-content\/uploads\/489449564_122123473844789915_1845773776397156816_n-300x200.jpg\" alt=\"\" width=\"300\" height=\"200\" \/> <img loading=\"lazy\" decoding=\"async\" class=\"alignnone size-medium wp-image-17046\" src=\"https:\/\/drept.usm.md\/wp-content\/uploads\/489540742_122123473736789915_111620511237497557_n-300x200.jpg\" alt=\"\" width=\"300\" height=\"200\" \/> <img loading=\"lazy\" decoding=\"async\" class=\"alignnone size-medium wp-image-17047\" src=\"https:\/\/drept.usm.md\/wp-content\/uploads\/489911798_122123473532789915_6692242973070791085_n-300x200.jpg\" alt=\"\" width=\"300\" height=\"200\" \/> <img loading=\"lazy\" decoding=\"async\" class=\"alignnone size-medium wp-image-17048\" src=\"https:\/\/drept.usm.md\/wp-content\/uploads\/489927885_122123473604789915_9103629722194125951_n-300x200.jpg\" alt=\"\" width=\"300\" height=\"200\" \/> <img loading=\"lazy\" decoding=\"async\" class=\"alignnone size-medium wp-image-17049\" src=\"https:\/\/drept.usm.md\/wp-content\/uploads\/489927896_122123473616789915_8090606493970769743_n-300x200.jpg\" alt=\"\" width=\"300\" height=\"200\" \/> <img loading=\"lazy\" decoding=\"async\" class=\"alignnone size-medium wp-image-17050\" src=\"https:\/\/drept.usm.md\/wp-content\/uploads\/489928417_122123473730789915_2199996323401908266_n-300x200.jpg\" alt=\"\" width=\"300\" height=\"200\" \/> <img loading=\"lazy\" decoding=\"async\" class=\"alignnone size-medium wp-image-17051\" src=\"https:\/\/drept.usm.md\/wp-content\/uploads\/490188741_122123473850789915_456823375292157700_n-300x200.jpg\" alt=\"\" width=\"300\" height=\"200\" \/> <img loading=\"lazy\" decoding=\"async\" class=\"alignnone size-medium wp-image-17052\" src=\"https:\/\/drept.usm.md\/wp-content\/uploads\/490207266_122123473628789915_2874816771081122338_n-300x200.jpg\" alt=\"\" width=\"300\" height=\"200\" \/> <img loading=\"lazy\" decoding=\"async\" class=\"alignnone size-medium wp-image-17053\" src=\"https:\/\/drept.usm.md\/wp-content\/uploads\/490294718_122123473856789915_2251013396500796878_n-300x200.jpg\" alt=\"\" width=\"300\" height=\"200\" \/> <img loading=\"lazy\" decoding=\"async\" class=\"alignnone size-medium wp-image-17054\" src=\"https:\/\/drept.usm.md\/wp-content\/uploads\/491249059_122123473610789915_4893052006900563843_n-300x200.jpg\" alt=\"\" width=\"300\" height=\"200\" \/><\/p>","protected":false},"excerpt":{"rendered":"<p>Facultatea de Drept a USM a fost onorat\u0103 s\u0103 g\u0103zduiasc\u0103 un eveniment \u0219tiin\u021bific de amploare, organizat \u00een colaborare cu Oficiul Avocatului Poporului, \u0218coala Doctoral\u0103 \u0218tiin\u021be Juridice \u0219i Economice a USM, Agen\u021bia ONU pentru Refugia\u021bi (UNHCR) \u0219i Oficiul Consiliului Europei din Republica Moldova. Conferin\u021ba a reunit reprezentan\u021bi ai mediului academic, exper\u021bi \u00een domeniul migra\u021biei \u0219i securit\u0103\u021bii,&hellip; <br \/> <a class=\"read-more\" href=\"https:\/\/drept.usm.md\/?p=17038\">Cite\u0219te mai mult<\/a><\/p>\n","protected":false},"author":7,"featured_media":17045,"comment_status":"closed","ping_status":"closed","sticky":false,"template":"","format":"standard","meta":{"wp_social_preview_title":"","wp_social_preview_description":"","wp_social_preview_image":0,"footnotes":""},"categories":[4],"tags":[],"class_list":["post-17038","post","type-post","status-publish","format-standard","has-post-thumbnail","hentry","category-evenimente"],"rttpg_featured_image_url":{"full":["https:\/\/drept.usm.md\/wp-content\/uploads\/489459124_122123473622789915_1511939496913126293_n.jpg",2048,1365,false],"landscape":["https:\/\/drept.usm.md\/wp-content\/uploads\/489459124_122123473622789915_1511939496913126293_n.jpg",2048,1365,false],"portraits":["https:\/\/drept.usm.md\/wp-content\/uploads\/489459124_122123473622789915_1511939496913126293_n.jpg",2048,1365,false],"thumbnail":["https:\/\/drept.usm.md\/wp-content\/uploads\/489459124_122123473622789915_1511939496913126293_n-150x150.jpg",150,150,true],"medium":["https:\/\/drept.usm.md\/wp-content\/uploads\/489459124_122123473622789915_1511939496913126293_n-300x200.jpg",300,200,true],"large":["https:\/\/drept.usm.md\/wp-content\/uploads\/489459124_122123473622789915_1511939496913126293_n-1024x683.jpg",1024,683,true],"1536x1536":["https:\/\/drept.usm.md\/wp-content\/uploads\/489459124_122123473622789915_1511939496913126293_n-1536x1024.jpg",1536,1024,true],"2048x2048":["https:\/\/drept.usm.md\/wp-content\/uploads\/489459124_122123473622789915_1511939496913126293_n.jpg",2048,1365,false],"htmega_size_585x295":["https:\/\/drept.usm.md\/wp-content\/uploads\/489459124_122123473622789915_1511939496913126293_n-585x295.jpg",585,295,true],"htmega_size_1170x536":["https:\/\/drept.usm.md\/wp-content\/uploads\/489459124_122123473622789915_1511939496913126293_n-1170x536.jpg",1170,536,true],"htmega_size_396x360":["https:\/\/drept.usm.md\/wp-content\/uploads\/489459124_122123473622789915_1511939496913126293_n-396x360.jpg",396,360,true],"post-thumbnail":["https:\/\/drept.usm.md\/wp-content\/uploads\/489459124_122123473622789915_1511939496913126293_n-1024x683.jpg",1024,683,true],"mesmerize-full-hd":["https:\/\/drept.usm.md\/wp-content\/uploads\/489459124_122123473622789915_1511939496913126293_n-1620x1080.jpg",1620,1080,true],"wp_social_preview_default":["https:\/\/drept.usm.md\/wp-content\/uploads\/489459124_122123473622789915_1511939496913126293_n-1200x630.jpg",1200,630,true],"wp_social_preview_twitter":["https:\/\/drept.usm.md\/wp-content\/uploads\/489459124_122123473622789915_1511939496913126293_n-1200x600.jpg",1200,600,true],"wp_social_preview_twitter_square":["https:\/\/drept.usm.md\/wp-content\/uploads\/489459124_122123473622789915_1511939496913126293_n-600x600.jpg",600,600,true]},"rttpg_author":{"display_name":"Drept Facultatea","author_link":"https:\/\/drept.usm.md\/?author=7"},"rttpg_comment":0,"rttpg_category":"<a href=\"https:\/\/drept.usm.md\/?cat=4\" rel=\"category\">Evenimente<\/a>","rttpg_excerpt":"Facultatea de Drept a USM a fost onorat\u0103 s\u0103 g\u0103zduiasc\u0103 un eveniment \u0219tiin\u021bific de amploare, organizat \u00een colaborare cu Oficiul Avocatului Poporului, \u0218coala Doctoral\u0103 \u0218tiin\u021be Juridice \u0219i Economice a USM, Agen\u021bia ONU pentru Refugia\u021bi (UNHCR) \u0219i Oficiul Consiliului Europei din Republica Moldova. Conferin\u021ba a reunit reprezentan\u021bi ai mediului academic, exper\u021bi \u00een domeniul migra\u021biei \u0219i securit\u0103\u021bii,&hellip;&hellip;","_links":{"self":[{"href":"https:\/\/drept.usm.md\/index.php?rest_route=\/wp\/v2\/posts\/17038","targetHints":{"allow":["GET"]}}],"collection":[{"href":"https:\/\/drept.usm.md\/index.php?rest_route=\/wp\/v2\/posts"}],"about":[{"href":"https:\/\/drept.usm.md\/index.php?rest_route=\/wp\/v2\/types\/post"}],"author":[{"embeddable":true,"href":"https:\/\/drept.usm.md\/index.php?rest_route=\/wp\/v2\/users\/7"}],"replies":[{"embeddable":true,"href":"https:\/\/drept.usm.md\/index.php?rest_route=%2Fwp%2Fv2%2Fcomments&post=17038"}],"version-history":[{"count":1,"href":"https:\/\/drept.usm.md\/index.php?rest_route=\/wp\/v2\/posts\/17038\/revisions"}],"predecessor-version":[{"id":17055,"href":"https:\/\/drept.usm.md\/index.php?rest_route=\/wp\/v2\/posts\/17038\/revisions\/17055"}],"wp:featuredmedia":[{"embeddable":true,"href":"https:\/\/drept.usm.md\/index.php?rest_route=\/wp\/v2\/media\/17045"}],"wp:attachment":[{"href":"https:\/\/drept.usm.md\/index.php?rest_route=%2Fwp%2Fv2%2Fmedia&parent=17038"}],"wp:term":[{"taxonomy":"category","embeddable":true,"href":"https:\/\/drept.usm.md\/index.php?rest_route=%2Fwp%2Fv2%2Fcategories&post=17038"},{"taxonomy":"post_tag","embeddable":true,"href":"https:\/\/drept.usm.md\/index.php?rest_route=%2Fwp%2Fv2%2Ftags&post=17038"}],"curies":[{"name":"wp","href":"https:\/\/api.w.org\/{rel}","templated":true}]}}