{"id":18175,"date":"2025-10-13T13:30:14","date_gmt":"2025-10-13T10:30:14","guid":{"rendered":"https:\/\/drept.usm.md\/?p=18175"},"modified":"2025-10-13T13:30:14","modified_gmt":"2025-10-13T10:30:14","slug":"zilele-juristului-la-facultatea-de-drept-usm","status":"publish","type":"post","link":"https:\/\/drept.usm.md\/?p=18175","title":{"rendered":"Zilele Juristului la Facultatea de Drept, USM!"},"content":{"rendered":"<p><strong><span style=\"font-size: 16px;\">\u00cen perioada 13\u201317 octombrie 2025, Facultatea de Drept a Universit\u0103\u021bii de Stat din Moldova d\u0103 startul Zilelor Juristului \u2013 o s\u0103pt\u0103m\u00e2n\u0103 dedicat\u0103 profesiilor juridice, valorilor statului de drept \u0219i a dialogului \u00eentre genera\u021biile de juri\u0219ti.<\/span><\/strong><\/p>\n<p><strong><span style=\"font-size: 16px;\">Pe parcursul acestor zile, vor avea loc mese rotunde, prelegeri, proiec\u021bie de film \u0219i expozi\u021bii tematice, \u00eent\u00e2lniri cu practicieni din domeniul dreptului. Evenimentele sunt g\u00e2ndite pentru a oferi studen\u021bilor o perspectiv\u0103 complex\u0103 asupra rolului \u0219i responsabilit\u0103\u021bii juristului \u00een societatea contemporan\u0103.<\/span><\/strong><\/p>\n<p><strong><span style=\"font-size: 16px;\">Agenda complet\u0103 a Zilelor Juristului poate fi consultat\u0103 mai jos.\u00a0<\/span><\/strong><br \/>\n<strong><span style=\"font-size: 16px;\">Studen\u021bii, profesorii \u0219i partenerii sunt invita\u021bi s\u0103 participe la activit\u0103\u021bile preferate conform orarului stabilit.<\/span><\/strong><\/p>\n<p><strong><span style=\"font-size: 16px;\">Celebr\u0103m \u00eempreun\u0103 prin\u00a0ra\u021biune, echitate \u0219i demnitate!<\/span><\/strong><\/p>\n<p><a href=\"https:\/\/drept.usm.md\/wp-content\/uploads\/agenda_zilele-juristului.pdf\">agenda_zilele juristului<\/a><\/p>","protected":false},"excerpt":{"rendered":"<p>\u00cen perioada 13\u201317 octombrie 2025, Facultatea de Drept a Universit\u0103\u021bii de Stat din Moldova d\u0103 startul Zilelor Juristului \u2013 o s\u0103pt\u0103m\u00e2n\u0103 dedicat\u0103 profesiilor juridice, valorilor statului de drept \u0219i a dialogului \u00eentre genera\u021biile de juri\u0219ti. Pe parcursul acestor zile, vor avea loc mese rotunde, prelegeri, proiec\u021bie de film \u0219i expozi\u021bii tematice, \u00eent\u00e2lniri cu practicieni din&hellip; <br \/> <a class=\"read-more\" href=\"https:\/\/drept.usm.md\/?p=18175\">Cite\u0219te mai mult<\/a><\/p>\n","protected":false},"author":7,"featured_media":18177,"comment_status":"closed","ping_status":"closed","sticky":false,"template":"","format":"standard","meta":{"wp_social_preview_title":"","wp_social_preview_description":"","wp_social_preview_image":0,"footnotes":""},"categories":[5],"tags":[],"class_list":["post-18175","post","type-post","status-publish","format-standard","has-post-thumbnail","hentry","category-anunturi"],"rttpg_featured_image_url":{"full":["https:\/\/drept.usm.md\/wp-content\/uploads\/poster.png",1912,819,false],"landscape":["https:\/\/drept.usm.md\/wp-content\/uploads\/poster.png",1912,819,false],"portraits":["https:\/\/drept.usm.md\/wp-content\/uploads\/poster.png",1912,819,false],"thumbnail":["https:\/\/drept.usm.md\/wp-content\/uploads\/poster-150x150.png",150,150,true],"medium":["https:\/\/drept.usm.md\/wp-content\/uploads\/poster-300x129.png",300,129,true],"large":["https:\/\/drept.usm.md\/wp-content\/uploads\/poster-1024x439.png",1024,439,true],"1536x1536":["https:\/\/drept.usm.md\/wp-content\/uploads\/poster-1536x658.png",1536,658,true],"2048x2048":["https:\/\/drept.usm.md\/wp-content\/uploads\/poster.png",1912,819,false],"htmega_size_585x295":["https:\/\/drept.usm.md\/wp-content\/uploads\/poster-585x295.png",585,295,true],"htmega_size_1170x536":["https:\/\/drept.usm.md\/wp-content\/uploads\/poster-1170x536.png",1170,536,true],"htmega_size_396x360":["https:\/\/drept.usm.md\/wp-content\/uploads\/poster-396x360.png",396,360,true],"post-thumbnail":["https:\/\/drept.usm.md\/wp-content\/uploads\/poster-1024x439.png",1024,439,true],"mesmerize-full-hd":["https:\/\/drept.usm.md\/wp-content\/uploads\/poster.png",1912,819,false],"wp_social_preview_default":["https:\/\/drept.usm.md\/wp-content\/uploads\/poster-1200x630.png",1200,630,true],"wp_social_preview_twitter":["https:\/\/drept.usm.md\/wp-content\/uploads\/poster-1200x600.png",1200,600,true],"wp_social_preview_twitter_square":["https:\/\/drept.usm.md\/wp-content\/uploads\/poster-600x600.png",600,600,true]},"rttpg_author":{"display_name":"Drept Facultatea","author_link":"https:\/\/drept.usm.md\/?author=7"},"rttpg_comment":0,"rttpg_category":"<a href=\"https:\/\/drept.usm.md\/?cat=5\" rel=\"category\">Anun\u021buri<\/a>","rttpg_excerpt":"\u00cen perioada 13\u201317 octombrie 2025, Facultatea de Drept a Universit\u0103\u021bii de Stat din Moldova d\u0103 startul Zilelor Juristului \u2013 o s\u0103pt\u0103m\u00e2n\u0103 dedicat\u0103 profesiilor juridice, valorilor statului de drept \u0219i a dialogului \u00eentre genera\u021biile de juri\u0219ti. Pe parcursul acestor zile, vor avea loc mese rotunde, prelegeri, proiec\u021bie de film \u0219i expozi\u021bii tematice, \u00eent\u00e2lniri cu practicieni din&hellip;&hellip;","_links":{"self":[{"href":"https:\/\/drept.usm.md\/index.php?rest_route=\/wp\/v2\/posts\/18175","targetHints":{"allow":["GET"]}}],"collection":[{"href":"https:\/\/drept.usm.md\/index.php?rest_route=\/wp\/v2\/posts"}],"about":[{"href":"https:\/\/drept.usm.md\/index.php?rest_route=\/wp\/v2\/types\/post"}],"author":[{"embeddable":true,"href":"https:\/\/drept.usm.md\/index.php?rest_route=\/wp\/v2\/users\/7"}],"replies":[{"embeddable":true,"href":"https:\/\/drept.usm.md\/index.php?rest_route=%2Fwp%2Fv2%2Fcomments&post=18175"}],"version-history":[{"count":1,"href":"https:\/\/drept.usm.md\/index.php?rest_route=\/wp\/v2\/posts\/18175\/revisions"}],"predecessor-version":[{"id":18178,"href":"https:\/\/drept.usm.md\/index.php?rest_route=\/wp\/v2\/posts\/18175\/revisions\/18178"}],"wp:featuredmedia":[{"embeddable":true,"href":"https:\/\/drept.usm.md\/index.php?rest_route=\/wp\/v2\/media\/18177"}],"wp:attachment":[{"href":"https:\/\/drept.usm.md\/index.php?rest_route=%2Fwp%2Fv2%2Fmedia&parent=18175"}],"wp:term":[{"taxonomy":"category","embeddable":true,"href":"https:\/\/drept.usm.md\/index.php?rest_route=%2Fwp%2Fv2%2Fcategories&post=18175"},{"taxonomy":"post_tag","embeddable":true,"href":"https:\/\/drept.usm.md\/index.php?rest_route=%2Fwp%2Fv2%2Ftags&post=18175"}],"curies":[{"name":"wp","href":"https:\/\/api.w.org\/{rel}","templated":true}]}}