{"id":18284,"date":"2025-11-05T22:17:10","date_gmt":"2025-11-05T19:17:10","guid":{"rendered":"https:\/\/drept.usm.md\/?p=18284"},"modified":"2025-11-05T22:17:10","modified_gmt":"2025-11-05T19:17:10","slug":"deschiderea-oficiala-a-cercului-stiintific-temis","status":"publish","type":"post","link":"https:\/\/drept.usm.md\/?p=18284","title":{"rendered":"DESCHIDEREA OFICIAL\u0102 A CERCULUI \u0218TIIN\u021aIFIC \u201eTEMIS\u201d"},"content":{"rendered":"<p><\/p>\n<p style=\"text-align: center;\"><strong><span style=\"font-size: 16px;\">Departamentul Drept Public din cadrul Facult\u0103\u021bii de Drept a Universit\u0103\u021bii de Stat din Moldova,<\/span><\/strong><\/p>\n<p style=\"text-align: center;\"><strong><span style=\"font-size: 16px;\"> anun\u021b\u0103 deschiderea oficial\u0103 a Cercului \u0219tiin\u021bific de dezbateri juridice \u201eTEMIS\u201d.<\/span><\/strong><\/p>\n<p style=\"text-align: center;\">\n<p style=\"text-align: center;\"><strong><span style=\"font-size: 16px;\">\ud83d\udcc5 Data: 10 noiembrie 2025<\/span><\/strong><\/p>\n<p style=\"text-align: center;\"><strong><span style=\"font-size: 16px;\">\ud83d\udd50 Ora: 13:00<\/span><\/strong><\/p>\n<p style=\"text-align: center;\"><strong><span style=\"font-size: 16px;\">\ud83d\udccd Loca\u021bia: Aula 216, Blocul II<\/span><\/strong><\/p>\n<p style=\"text-align: center;\">\n<p style=\"text-align: center;\"><strong><span style=\"font-size: 16px;\">Cercul \u201eTEMIS\u201d \u00ee\u0219i propune s\u0103 devin\u0103 un spa\u021biu activ de formare \u0219i dialog \u0219tiin\u021bific pentru studen\u021bii interesa\u021bi de domeniul Teoriei generale a dreptului, promov\u00e2nd g\u00e2ndirea critic\u0103, analiza juridic\u0103 \u0219i cultura dezbaterii academice.<\/span><\/strong><\/p>\n<p style=\"text-align: center;\">\n<p style=\"text-align: center;\"><strong><span style=\"font-size: 16px;\">\u00cen cadrul primei \u0219edin\u021be, va avea loc o prelegere \u0219i discu\u021bie interactiv\u0103 sus\u021binut\u0103 de domnul Andrei NEGRU, doctor habilitat \u00een drept, profesor universitar, care va inaugura tematic activitatea cercului.<\/span><\/strong><\/p>\n<p style=\"text-align: center;\"><strong><span style=\"font-size: 16px;\">V\u0103 invit\u0103m s\u0103 participa\u021bi \u0219i s\u0103 face\u021bi parte din comunitatea \u201eTEMIS\u201d \u2014 unde ra\u021biunea juridic\u0103 prinde via\u021b\u0103! \u2696\ufe0f<\/span><\/strong><\/p>\n<p><\/p>","protected":false},"excerpt":{"rendered":"<p>Departamentul Drept Public din cadrul Facult\u0103\u021bii de Drept a Universit\u0103\u021bii de Stat din Moldova, anun\u021b\u0103 deschiderea oficial\u0103 a Cercului \u0219tiin\u021bific de dezbateri juridice \u201eTEMIS\u201d. \ud83d\udcc5 Data: 10 noiembrie 2025 \ud83d\udd50 Ora: 13:00 \ud83d\udccd Loca\u021bia: Aula 216, Blocul II Cercul \u201eTEMIS\u201d \u00ee\u0219i propune s\u0103 devin\u0103 un spa\u021biu activ de formare \u0219i dialog \u0219tiin\u021bific pentru studen\u021bii interesa\u021bi&hellip; <br \/> <a class=\"read-more\" href=\"https:\/\/drept.usm.md\/?p=18284\">Cite\u0219te mai mult<\/a><\/p>\n","protected":false},"author":7,"featured_media":18285,"comment_status":"closed","ping_status":"closed","sticky":false,"template":"","format":"standard","meta":{"wp_social_preview_title":"","wp_social_preview_description":"","wp_social_preview_image":0,"footnotes":""},"categories":[5],"tags":[],"class_list":["post-18284","post","type-post","status-publish","format-standard","has-post-thumbnail","hentry","category-anunturi"],"rttpg_featured_image_url":{"full":["https:\/\/drept.usm.md\/wp-content\/uploads\/\u0438\u0437\u043e\u0431\u0440\u0430\u0436\u0435\u043d\u0438\u0435_viber_2025-11-05_21-15-14-115.jpg",1146,1600,false],"landscape":["https:\/\/drept.usm.md\/wp-content\/uploads\/\u0438\u0437\u043e\u0431\u0440\u0430\u0436\u0435\u043d\u0438\u0435_viber_2025-11-05_21-15-14-115.jpg",1146,1600,false],"portraits":["https:\/\/drept.usm.md\/wp-content\/uploads\/\u0438\u0437\u043e\u0431\u0440\u0430\u0436\u0435\u043d\u0438\u0435_viber_2025-11-05_21-15-14-115.jpg",1146,1600,false],"thumbnail":["https:\/\/drept.usm.md\/wp-content\/uploads\/\u0438\u0437\u043e\u0431\u0440\u0430\u0436\u0435\u043d\u0438\u0435_viber_2025-11-05_21-15-14-115-150x150.jpg",150,150,true],"medium":["https:\/\/drept.usm.md\/wp-content\/uploads\/\u0438\u0437\u043e\u0431\u0440\u0430\u0436\u0435\u043d\u0438\u0435_viber_2025-11-05_21-15-14-115-215x300.jpg",215,300,true],"large":["https:\/\/drept.usm.md\/wp-content\/uploads\/\u0438\u0437\u043e\u0431\u0440\u0430\u0436\u0435\u043d\u0438\u0435_viber_2025-11-05_21-15-14-115-733x1024.jpg",733,1024,true],"1536x1536":["https:\/\/drept.usm.md\/wp-content\/uploads\/\u0438\u0437\u043e\u0431\u0440\u0430\u0436\u0435\u043d\u0438\u0435_viber_2025-11-05_21-15-14-115-1100x1536.jpg",1100,1536,true],"2048x2048":["https:\/\/drept.usm.md\/wp-content\/uploads\/\u0438\u0437\u043e\u0431\u0440\u0430\u0436\u0435\u043d\u0438\u0435_viber_2025-11-05_21-15-14-115.jpg",1146,1600,false],"htmega_size_585x295":["https:\/\/drept.usm.md\/wp-content\/uploads\/\u0438\u0437\u043e\u0431\u0440\u0430\u0436\u0435\u043d\u0438\u0435_viber_2025-11-05_21-15-14-115-585x295.jpg",585,295,true],"htmega_size_1170x536":["https:\/\/drept.usm.md\/wp-content\/uploads\/\u0438\u0437\u043e\u0431\u0440\u0430\u0436\u0435\u043d\u0438\u0435_viber_2025-11-05_21-15-14-115-1146x536.jpg",1146,536,true],"htmega_size_396x360":["https:\/\/drept.usm.md\/wp-content\/uploads\/\u0438\u0437\u043e\u0431\u0440\u0430\u0436\u0435\u043d\u0438\u0435_viber_2025-11-05_21-15-14-115-396x360.jpg",396,360,true],"post-thumbnail":["https:\/\/drept.usm.md\/wp-content\/uploads\/\u0438\u0437\u043e\u0431\u0440\u0430\u0436\u0435\u043d\u0438\u0435_viber_2025-11-05_21-15-14-115-1024x1430.jpg",1024,1430,true],"mesmerize-full-hd":["https:\/\/drept.usm.md\/wp-content\/uploads\/\u0438\u0437\u043e\u0431\u0440\u0430\u0436\u0435\u043d\u0438\u0435_viber_2025-11-05_21-15-14-115-774x1080.jpg",774,1080,true],"wp_social_preview_default":["https:\/\/drept.usm.md\/wp-content\/uploads\/\u0438\u0437\u043e\u0431\u0440\u0430\u0436\u0435\u043d\u0438\u0435_viber_2025-11-05_21-15-14-115-1146x630.jpg",1146,630,true],"wp_social_preview_twitter":["https:\/\/drept.usm.md\/wp-content\/uploads\/\u0438\u0437\u043e\u0431\u0440\u0430\u0436\u0435\u043d\u0438\u0435_viber_2025-11-05_21-15-14-115-1146x600.jpg",1146,600,true],"wp_social_preview_twitter_square":["https:\/\/drept.usm.md\/wp-content\/uploads\/\u0438\u0437\u043e\u0431\u0440\u0430\u0436\u0435\u043d\u0438\u0435_viber_2025-11-05_21-15-14-115-600x600.jpg",600,600,true]},"rttpg_author":{"display_name":"Drept Facultatea","author_link":"https:\/\/drept.usm.md\/?author=7"},"rttpg_comment":0,"rttpg_category":"<a href=\"https:\/\/drept.usm.md\/?cat=5\" rel=\"category\">Anun\u021buri<\/a>","rttpg_excerpt":"Departamentul Drept Public din cadrul Facult\u0103\u021bii de Drept a Universit\u0103\u021bii de Stat din Moldova, anun\u021b\u0103 deschiderea oficial\u0103 a Cercului \u0219tiin\u021bific de dezbateri juridice \u201eTEMIS\u201d. \ud83d\udcc5 Data: 10 noiembrie 2025 \ud83d\udd50 Ora: 13:00 \ud83d\udccd Loca\u021bia: Aula 216, Blocul II Cercul \u201eTEMIS\u201d \u00ee\u0219i propune s\u0103 devin\u0103 un spa\u021biu activ de formare \u0219i dialog \u0219tiin\u021bific pentru studen\u021bii interesa\u021bi&hellip;&hellip;","_links":{"self":[{"href":"https:\/\/drept.usm.md\/index.php?rest_route=\/wp\/v2\/posts\/18284","targetHints":{"allow":["GET"]}}],"collection":[{"href":"https:\/\/drept.usm.md\/index.php?rest_route=\/wp\/v2\/posts"}],"about":[{"href":"https:\/\/drept.usm.md\/index.php?rest_route=\/wp\/v2\/types\/post"}],"author":[{"embeddable":true,"href":"https:\/\/drept.usm.md\/index.php?rest_route=\/wp\/v2\/users\/7"}],"replies":[{"embeddable":true,"href":"https:\/\/drept.usm.md\/index.php?rest_route=%2Fwp%2Fv2%2Fcomments&post=18284"}],"version-history":[{"count":1,"href":"https:\/\/drept.usm.md\/index.php?rest_route=\/wp\/v2\/posts\/18284\/revisions"}],"predecessor-version":[{"id":18286,"href":"https:\/\/drept.usm.md\/index.php?rest_route=\/wp\/v2\/posts\/18284\/revisions\/18286"}],"wp:featuredmedia":[{"embeddable":true,"href":"https:\/\/drept.usm.md\/index.php?rest_route=\/wp\/v2\/media\/18285"}],"wp:attachment":[{"href":"https:\/\/drept.usm.md\/index.php?rest_route=%2Fwp%2Fv2%2Fmedia&parent=18284"}],"wp:term":[{"taxonomy":"category","embeddable":true,"href":"https:\/\/drept.usm.md\/index.php?rest_route=%2Fwp%2Fv2%2Fcategories&post=18284"},{"taxonomy":"post_tag","embeddable":true,"href":"https:\/\/drept.usm.md\/index.php?rest_route=%2Fwp%2Fv2%2Ftags&post=18284"}],"curies":[{"name":"wp","href":"https:\/\/api.w.org\/{rel}","templated":true}]}}