{"id":18710,"date":"2025-12-24T19:00:16","date_gmt":"2025-12-24T16:00:16","guid":{"rendered":"https:\/\/drept.usm.md\/?p=18710"},"modified":"2025-12-24T20:55:40","modified_gmt":"2025-12-24T17:55:40","slug":"mesaj-de-felicitare-cu-prilejul-sarbatorilor-de-iarna","status":"publish","type":"post","link":"https:\/\/drept.usm.md\/?p=18710","title":{"rendered":"\ud83c\udf1fMesaj de felicitare cu prilejul s\u0103rb\u0103torilor de iarn\u0103\ud83c\udf1f"},"content":{"rendered":"<p><strong><span style=\"font-size: 16px;\">Stima\u021bi membri ai comunit\u0103\u021bii academice,<\/span><\/strong><br \/>\n<strong><span style=\"font-size: 16px;\">Dragi colegi \u0219i studen\u021bi,<\/span><\/strong><\/p>\n<p><strong><span style=\"font-size: 16px;\">Cu prilejul S\u0103rb\u0103torilor de Iarn\u0103 \u0219i al apropierii Anului Nou, am deosebita pl\u0103cere de a v\u0103 adresa cele mai calde g\u00e2nduri de apreciere, s\u0103n\u0103tate \u0219i \u00eempliniri.<\/span><\/strong><\/p>\n<p><strong><span style=\"font-size: 16px;\">Anul care se \u00eencheie a fost unul al provoc\u0103rilor, dar \u0219i al realiz\u0103rilor academice remarcabile, ob\u021binute prin profesionalism, responsabilitate \u0219i solidaritate. V\u0103 mul\u021bumesc pentru dedicarea, efortul \u0219i contribu\u021bia constant\u0103 la consolidarea prestigiului Facult\u0103\u021bii de Drept.<\/span><\/strong><\/p>\n<p><strong><span style=\"font-size: 16px;\">Fie ca Sfintele S\u0103rb\u0103tori s\u0103 v\u0103 aduc\u0103 lini\u0219te sufleteasc\u0103, bucuria de a fi al\u0103turi de cei dragi \u0219i \u00eencredere \u00een viitor. V\u0103 doresc ca Anul Nou s\u0103 fie unul prosper, cu succese profesionale, echilibru \u0219i noi oportunit\u0103\u021bi de dezvoltare personal\u0103 \u0219i academic\u0103.<\/span><\/strong><\/p>\n<p><strong><span style=\"font-size: 16px;\">V\u0103 transmit cele mai sincere ur\u0103ri de Cr\u0103ciun fericit \u0219i La mul\u021bi ani!<\/span><\/strong><\/p>\n<p><strong><span style=\"font-size: 16px;\">Cu deosebit\u0103 considera\u021bie,<\/span><\/strong><br \/>\n<strong><span style=\"font-size: 16px;\">Prof. univ. dr. Sergiu B\u0103ie\u0219u<\/span><\/strong><br \/>\n<strong><span style=\"font-size: 16px;\">Decanul Facult\u0103\u021bii de Drept<\/span><\/strong><\/p>\n<p>&nbsp;<\/p>\n<p><div style=\"width: 1032px;\" class=\"wp-video\"><video class=\"wp-video-shortcode\" id=\"video-18710-1\" width=\"1032\" height=\"1280\" preload=\"metadata\" controls=\"controls\"><source type=\"video\/mp4\" src=\"https:\/\/drept.usm.md\/wp-content\/uploads\/Craciunul.mp4?_=1\" \/><a href=\"https:\/\/drept.usm.md\/wp-content\/uploads\/Craciunul.mp4\">https:\/\/drept.usm.md\/wp-content\/uploads\/Craciunul.mp4<\/a><\/video><\/div><\/p>","protected":false},"excerpt":{"rendered":"<p>Stima\u021bi membri ai comunit\u0103\u021bii academice, Dragi colegi \u0219i studen\u021bi, Cu prilejul S\u0103rb\u0103torilor de Iarn\u0103 \u0219i al apropierii Anului Nou, am deosebita pl\u0103cere de a v\u0103 adresa cele mai calde g\u00e2nduri de apreciere, s\u0103n\u0103tate \u0219i \u00eempliniri. Anul care se \u00eencheie a fost unul al provoc\u0103rilor, dar \u0219i al realiz\u0103rilor academice remarcabile, ob\u021binute prin profesionalism, responsabilitate \u0219i&hellip; <br \/> <a class=\"read-more\" href=\"https:\/\/drept.usm.md\/?p=18710\">Cite\u0219te mai mult<\/a><\/p>\n","protected":false},"author":7,"featured_media":18712,"comment_status":"closed","ping_status":"closed","sticky":false,"template":"","format":"standard","meta":{"wp_social_preview_title":"","wp_social_preview_description":"","wp_social_preview_image":0,"footnotes":""},"categories":[4],"tags":[],"class_list":["post-18710","post","type-post","status-publish","format-standard","has-post-thumbnail","hentry","category-evenimente"],"rttpg_featured_image_url":{"full":["https:\/\/drept.usm.md\/wp-content\/uploads\/foto-2.jpg",1170,1438,false],"landscape":["https:\/\/drept.usm.md\/wp-content\/uploads\/foto-2.jpg",1170,1438,false],"portraits":["https:\/\/drept.usm.md\/wp-content\/uploads\/foto-2.jpg",1170,1438,false],"thumbnail":["https:\/\/drept.usm.md\/wp-content\/uploads\/foto-2-150x150.jpg",150,150,true],"medium":["https:\/\/drept.usm.md\/wp-content\/uploads\/foto-2-244x300.jpg",244,300,true],"large":["https:\/\/drept.usm.md\/wp-content\/uploads\/foto-2-833x1024.jpg",833,1024,true],"1536x1536":["https:\/\/drept.usm.md\/wp-content\/uploads\/foto-2.jpg",1170,1438,false],"2048x2048":["https:\/\/drept.usm.md\/wp-content\/uploads\/foto-2.jpg",1170,1438,false],"htmega_size_585x295":["https:\/\/drept.usm.md\/wp-content\/uploads\/foto-2-585x295.jpg",585,295,true],"htmega_size_1170x536":["https:\/\/drept.usm.md\/wp-content\/uploads\/foto-2-1170x536.jpg",1170,536,true],"htmega_size_396x360":["https:\/\/drept.usm.md\/wp-content\/uploads\/foto-2-396x360.jpg",396,360,true],"post-thumbnail":["https:\/\/drept.usm.md\/wp-content\/uploads\/foto-2-1024x1259.jpg",1024,1259,true],"mesmerize-full-hd":["https:\/\/drept.usm.md\/wp-content\/uploads\/foto-2-879x1080.jpg",879,1080,true],"wp_social_preview_default":["https:\/\/drept.usm.md\/wp-content\/uploads\/foto-2-1170x630.jpg",1170,630,true],"wp_social_preview_twitter":["https:\/\/drept.usm.md\/wp-content\/uploads\/foto-2-1170x600.jpg",1170,600,true],"wp_social_preview_twitter_square":["https:\/\/drept.usm.md\/wp-content\/uploads\/foto-2-600x600.jpg",600,600,true]},"rttpg_author":{"display_name":"Drept Facultatea","author_link":"https:\/\/drept.usm.md\/?author=7"},"rttpg_comment":0,"rttpg_category":"<a href=\"https:\/\/drept.usm.md\/?cat=4\" rel=\"category\">Evenimente<\/a>","rttpg_excerpt":"Stima\u021bi membri ai comunit\u0103\u021bii academice, Dragi colegi \u0219i studen\u021bi, Cu prilejul S\u0103rb\u0103torilor de Iarn\u0103 \u0219i al apropierii Anului Nou, am deosebita pl\u0103cere de a v\u0103 adresa cele mai calde g\u00e2nduri de apreciere, s\u0103n\u0103tate \u0219i \u00eempliniri. Anul care se \u00eencheie a fost unul al provoc\u0103rilor, dar \u0219i al realiz\u0103rilor academice remarcabile, ob\u021binute prin profesionalism, responsabilitate \u0219i&hellip;&hellip;","_links":{"self":[{"href":"https:\/\/drept.usm.md\/index.php?rest_route=\/wp\/v2\/posts\/18710","targetHints":{"allow":["GET"]}}],"collection":[{"href":"https:\/\/drept.usm.md\/index.php?rest_route=\/wp\/v2\/posts"}],"about":[{"href":"https:\/\/drept.usm.md\/index.php?rest_route=\/wp\/v2\/types\/post"}],"author":[{"embeddable":true,"href":"https:\/\/drept.usm.md\/index.php?rest_route=\/wp\/v2\/users\/7"}],"replies":[{"embeddable":true,"href":"https:\/\/drept.usm.md\/index.php?rest_route=%2Fwp%2Fv2%2Fcomments&post=18710"}],"version-history":[{"count":2,"href":"https:\/\/drept.usm.md\/index.php?rest_route=\/wp\/v2\/posts\/18710\/revisions"}],"predecessor-version":[{"id":18714,"href":"https:\/\/drept.usm.md\/index.php?rest_route=\/wp\/v2\/posts\/18710\/revisions\/18714"}],"wp:featuredmedia":[{"embeddable":true,"href":"https:\/\/drept.usm.md\/index.php?rest_route=\/wp\/v2\/media\/18712"}],"wp:attachment":[{"href":"https:\/\/drept.usm.md\/index.php?rest_route=%2Fwp%2Fv2%2Fmedia&parent=18710"}],"wp:term":[{"taxonomy":"category","embeddable":true,"href":"https:\/\/drept.usm.md\/index.php?rest_route=%2Fwp%2Fv2%2Fcategories&post=18710"},{"taxonomy":"post_tag","embeddable":true,"href":"https:\/\/drept.usm.md\/index.php?rest_route=%2Fwp%2Fv2%2Ftags&post=18710"}],"curies":[{"name":"wp","href":"https:\/\/api.w.org\/{rel}","templated":true}]}}