{"id":18734,"date":"2025-12-29T17:49:34","date_gmt":"2025-12-29T14:49:34","guid":{"rendered":"https:\/\/drept.usm.md\/?p=18734"},"modified":"2025-12-29T17:49:34","modified_gmt":"2025-12-29T14:49:34","slug":"%f0%9f%8c%9f-se-prelungeste-competitia-pentru-bursele-viitorul-incepe-cu-dreptul-%f0%9f%8c%9f","status":"publish","type":"post","link":"https:\/\/drept.usm.md\/?p=18734","title":{"rendered":"\ud83c\udf1f SE PRELUNGE\u0218TE COMPETI\u021aIA PENTRU BURSELE \u201eVIITORUL \u00ceNCEPE CU DREPTUL\u201d! \ud83c\udf1f"},"content":{"rendered":"<p>\ud83d\udce2 Veste bun\u0103 pentru studen\u021bii Facult\u0103\u021bii de Drept, USM!<br \/>\n\ud83d\udcc5 Perioada de depunere a dosarelor a fost prelungit\u0103 p\u00e2n\u0103 la 25 februarie 2025.<\/p>\n<p>\u2728 \u201eViitorul \u00eencepe cu dreptul\u201d este o burs\u0103 dedicat\u0103 studen\u021bilor cu reu\u0219it\u0103 academic\u0103 excelent\u0103 \u2013<br \/>\n\ud83d\udc49 pot aplica at\u00e2t studen\u021bii afla\u021bi \u00eentr-o situa\u021bie material\u0103 dificil\u0103, c\u00e2t \u0219i cei care NU au dificult\u0103\u021bi financiare, dar au rezultate academice foarte bune.<\/p>\n<p>\u2705 Cine poate aplica?<br \/>\n\ud83c\udf93 Studen\u021bii Facult\u0103\u021bii de Drept, USM:<\/p>\n<p>anii I, II \u0219i III<\/p>\n<p>ciclul I \u2013 licen\u021b\u0103, sec\u021bia zi, studii cu tax\u0103<\/p>\n<p>media academic\u0103 peste 9,00<\/p>\n<p>\ud83d\udcc2 Dosarul trebuie s\u0103 con\u021bin\u0103:<\/p>\n<p>CV Europass<\/p>\n<p>Scrisoare de motivare<\/p>\n<p>Adeverin\u021b\u0103 academic\u0103 (media &gt; 9,00)<br \/>\n\ud83d\udd39 Anul I: diplom\u0103 de bacalaureat + adeverin\u021b\u0103 pentru semestrul I<\/p>\n<p>Documente privind situa\u021bia financiar\u0103 (dac\u0103 este cazul)<\/p>\n<p>Cerere de participare<\/p>\n<p>Diplome\/activit\u0103\u021bi extracurriculare (op\u021bional)<\/p>\n<p>\ud83d\udccd Depunerea dosarelor:<br \/>\n\ud83d\udccc Anticamera Facult\u0103\u021bii de Drept, biroul 106<br \/>\n\ud83d\uddd3 Termen-limit\u0103: 25 februarie 2025<\/p>\n<p>\ud83c\udfc6 Rezultatele vor fi anun\u021bate ulterior, \u00een cadrul unei ceremonii festive.<\/p>\n<p>\ud83d\udc99 Aplic\u0103 \u0219i investe\u0219te \u00een viitorul t\u0103u profesional!<br \/>\n\ud83c\udf40 Mult succes tuturor!<\/p>\n<p>#FacultateaDeDreptUSM #BurseUSM #Viitorul\u00cencepeCuDreptul #Studen\u021biDeSucces #Excelen\u021b\u0103Academic\u0103<\/p>\n<p>&nbsp;<\/p>\n<p><div style=\"width: 1024px;\" class=\"wp-video\"><video class=\"wp-video-shortcode\" id=\"video-18734-1\" width=\"1024\" height=\"576\" preload=\"metadata\" controls=\"controls\"><source type=\"video\/mp4\" src=\"https:\/\/drept.usm.md\/wp-content\/uploads\/0-02-05-6169136032e288c3d4635624a33ef964d8e9163cb5bdb7253de7c716e6ef4de0_3892aed973ef352e.mp4?_=1\" \/><a href=\"https:\/\/drept.usm.md\/wp-content\/uploads\/0-02-05-6169136032e288c3d4635624a33ef964d8e9163cb5bdb7253de7c716e6ef4de0_3892aed973ef352e.mp4\">https:\/\/drept.usm.md\/wp-content\/uploads\/0-02-05-6169136032e288c3d4635624a33ef964d8e9163cb5bdb7253de7c716e6ef4de0_3892aed973ef352e.mp4<\/a><\/video><\/div><\/p>","protected":false},"excerpt":{"rendered":"<p>\ud83d\udce2 Veste bun\u0103 pentru studen\u021bii Facult\u0103\u021bii de Drept, USM! \ud83d\udcc5 Perioada de depunere a dosarelor a fost prelungit\u0103 p\u00e2n\u0103 la 25 februarie 2025. \u2728 \u201eViitorul \u00eencepe cu dreptul\u201d este o burs\u0103 dedicat\u0103 studen\u021bilor cu reu\u0219it\u0103 academic\u0103 excelent\u0103 \u2013 \ud83d\udc49 pot aplica at\u00e2t studen\u021bii afla\u021bi \u00eentr-o situa\u021bie material\u0103 dificil\u0103, c\u00e2t \u0219i cei care NU au dificult\u0103\u021bi&hellip; <br \/> <a class=\"read-more\" href=\"https:\/\/drept.usm.md\/?p=18734\">Cite\u0219te mai mult<\/a><\/p>\n","protected":false},"author":7,"featured_media":18670,"comment_status":"closed","ping_status":"closed","sticky":false,"template":"","format":"standard","meta":{"wp_social_preview_title":"","wp_social_preview_description":"","wp_social_preview_image":0,"footnotes":""},"categories":[4],"tags":[],"class_list":["post-18734","post","type-post","status-publish","format-standard","has-post-thumbnail","hentry","category-evenimente"],"rttpg_featured_image_url":{"full":["https:\/\/drept.usm.md\/wp-content\/uploads\/\u0438\u0437\u043e\u0431\u0440\u0430\u0436\u0435\u043d\u0438\u0435_viber_2025-12-13_10-45-08-275.jpg",1170,645,false],"landscape":["https:\/\/drept.usm.md\/wp-content\/uploads\/\u0438\u0437\u043e\u0431\u0440\u0430\u0436\u0435\u043d\u0438\u0435_viber_2025-12-13_10-45-08-275.jpg",1170,645,false],"portraits":["https:\/\/drept.usm.md\/wp-content\/uploads\/\u0438\u0437\u043e\u0431\u0440\u0430\u0436\u0435\u043d\u0438\u0435_viber_2025-12-13_10-45-08-275.jpg",1170,645,false],"thumbnail":["https:\/\/drept.usm.md\/wp-content\/uploads\/\u0438\u0437\u043e\u0431\u0440\u0430\u0436\u0435\u043d\u0438\u0435_viber_2025-12-13_10-45-08-275-150x150.jpg",150,150,true],"medium":["https:\/\/drept.usm.md\/wp-content\/uploads\/\u0438\u0437\u043e\u0431\u0440\u0430\u0436\u0435\u043d\u0438\u0435_viber_2025-12-13_10-45-08-275-300x165.jpg",300,165,true],"large":["https:\/\/drept.usm.md\/wp-content\/uploads\/\u0438\u0437\u043e\u0431\u0440\u0430\u0436\u0435\u043d\u0438\u0435_viber_2025-12-13_10-45-08-275-1024x565.jpg",1024,565,true],"1536x1536":["https:\/\/drept.usm.md\/wp-content\/uploads\/\u0438\u0437\u043e\u0431\u0440\u0430\u0436\u0435\u043d\u0438\u0435_viber_2025-12-13_10-45-08-275.jpg",1170,645,false],"2048x2048":["https:\/\/drept.usm.md\/wp-content\/uploads\/\u0438\u0437\u043e\u0431\u0440\u0430\u0436\u0435\u043d\u0438\u0435_viber_2025-12-13_10-45-08-275.jpg",1170,645,false],"htmega_size_585x295":["https:\/\/drept.usm.md\/wp-content\/uploads\/\u0438\u0437\u043e\u0431\u0440\u0430\u0436\u0435\u043d\u0438\u0435_viber_2025-12-13_10-45-08-275-585x295.jpg",585,295,true],"htmega_size_1170x536":["https:\/\/drept.usm.md\/wp-content\/uploads\/\u0438\u0437\u043e\u0431\u0440\u0430\u0436\u0435\u043d\u0438\u0435_viber_2025-12-13_10-45-08-275-1170x536.jpg",1170,536,true],"htmega_size_396x360":["https:\/\/drept.usm.md\/wp-content\/uploads\/\u0438\u0437\u043e\u0431\u0440\u0430\u0436\u0435\u043d\u0438\u0435_viber_2025-12-13_10-45-08-275-396x360.jpg",396,360,true],"post-thumbnail":["https:\/\/drept.usm.md\/wp-content\/uploads\/\u0438\u0437\u043e\u0431\u0440\u0430\u0436\u0435\u043d\u0438\u0435_viber_2025-12-13_10-45-08-275-1024x565.jpg",1024,565,true],"mesmerize-full-hd":["https:\/\/drept.usm.md\/wp-content\/uploads\/\u0438\u0437\u043e\u0431\u0440\u0430\u0436\u0435\u043d\u0438\u0435_viber_2025-12-13_10-45-08-275.jpg",1170,645,false],"wp_social_preview_default":["https:\/\/drept.usm.md\/wp-content\/uploads\/\u0438\u0437\u043e\u0431\u0440\u0430\u0436\u0435\u043d\u0438\u0435_viber_2025-12-13_10-45-08-275-1170x630.jpg",1170,630,true],"wp_social_preview_twitter":["https:\/\/drept.usm.md\/wp-content\/uploads\/\u0438\u0437\u043e\u0431\u0440\u0430\u0436\u0435\u043d\u0438\u0435_viber_2025-12-13_10-45-08-275-1170x600.jpg",1170,600,true],"wp_social_preview_twitter_square":["https:\/\/drept.usm.md\/wp-content\/uploads\/\u0438\u0437\u043e\u0431\u0440\u0430\u0436\u0435\u043d\u0438\u0435_viber_2025-12-13_10-45-08-275-600x600.jpg",600,600,true]},"rttpg_author":{"display_name":"Drept Facultatea","author_link":"https:\/\/drept.usm.md\/?author=7"},"rttpg_comment":0,"rttpg_category":"<a href=\"https:\/\/drept.usm.md\/?cat=4\" rel=\"category\">Evenimente<\/a>","rttpg_excerpt":"\ud83d\udce2 Veste bun\u0103 pentru studen\u021bii Facult\u0103\u021bii de Drept, USM! \ud83d\udcc5 Perioada de depunere a dosarelor a fost prelungit\u0103 p\u00e2n\u0103 la 25 februarie 2025. \u2728 \u201eViitorul \u00eencepe cu dreptul\u201d este o burs\u0103 dedicat\u0103 studen\u021bilor cu reu\u0219it\u0103 academic\u0103 excelent\u0103 \u2013 \ud83d\udc49 pot aplica at\u00e2t studen\u021bii afla\u021bi \u00eentr-o situa\u021bie material\u0103 dificil\u0103, c\u00e2t \u0219i cei care NU au dificult\u0103\u021bi&hellip;&hellip;","_links":{"self":[{"href":"https:\/\/drept.usm.md\/index.php?rest_route=\/wp\/v2\/posts\/18734","targetHints":{"allow":["GET"]}}],"collection":[{"href":"https:\/\/drept.usm.md\/index.php?rest_route=\/wp\/v2\/posts"}],"about":[{"href":"https:\/\/drept.usm.md\/index.php?rest_route=\/wp\/v2\/types\/post"}],"author":[{"embeddable":true,"href":"https:\/\/drept.usm.md\/index.php?rest_route=\/wp\/v2\/users\/7"}],"replies":[{"embeddable":true,"href":"https:\/\/drept.usm.md\/index.php?rest_route=%2Fwp%2Fv2%2Fcomments&post=18734"}],"version-history":[{"count":1,"href":"https:\/\/drept.usm.md\/index.php?rest_route=\/wp\/v2\/posts\/18734\/revisions"}],"predecessor-version":[{"id":18735,"href":"https:\/\/drept.usm.md\/index.php?rest_route=\/wp\/v2\/posts\/18734\/revisions\/18735"}],"wp:featuredmedia":[{"embeddable":true,"href":"https:\/\/drept.usm.md\/index.php?rest_route=\/wp\/v2\/media\/18670"}],"wp:attachment":[{"href":"https:\/\/drept.usm.md\/index.php?rest_route=%2Fwp%2Fv2%2Fmedia&parent=18734"}],"wp:term":[{"taxonomy":"category","embeddable":true,"href":"https:\/\/drept.usm.md\/index.php?rest_route=%2Fwp%2Fv2%2Fcategories&post=18734"},{"taxonomy":"post_tag","embeddable":true,"href":"https:\/\/drept.usm.md\/index.php?rest_route=%2Fwp%2Fv2%2Ftags&post=18734"}],"curies":[{"name":"wp","href":"https:\/\/api.w.org\/{rel}","templated":true}]}}