{"id":19329,"date":"2026-04-22T20:37:54","date_gmt":"2026-04-22T17:37:54","guid":{"rendered":"https:\/\/drept.usm.md\/?p=19329"},"modified":"2026-04-24T20:41:55","modified_gmt":"2026-04-24T17:41:55","slug":"concursului-studentesc-hexagonul-facultatilor-de-drept","status":"publish","type":"post","link":"https:\/\/drept.usm.md\/?p=19329","title":{"rendered":"Concursului studen\u021besc \u201eHexagonul Facult\u0103\u021bilor de Drept\u201d"},"content":{"rendered":"<p><span style=\"font-size: 16px;\">Circa 200 de studen\u021bi de la mai multe universit\u0103\u021bi din Republica Moldova \u0219i Rom\u00e2nia s-au \u00eentrunit \u00eentr-o nou\u0103 edi\u021bie a Concursului studen\u021besc \u201eHexagonul Facult\u0103\u021bilor de Drept\u201d. Evenimentul are loc la Chi\u0219in\u0103u \u00een perioada 22-25 aprilie, curent, \u0219i este organizat de Facultatea de Drept a Universit\u0103\u021bii de Stat din Moldova. Concursul are tradi\u021bii frumoase, constituite \u0219i afirmate \u00een timp, care pun \u00een valoare \u00eenv\u0103\u021b\u0103m\u00e2ntul juridic.<\/span><\/p>\n<p><span style=\"font-size: 16px;\">Prezent\u0103 la deschiderea evenimentului, Adriana Cazacu, secretar de stat la Ministerul Educa\u021biei \u0219i Cercet\u0103rii, a salutat prezen\u021ba tinerilor implica\u021bi \u00een aceast\u0103 competi\u021bie, care \u201eapriori sunt cei mai buni \u0219i mai talenta\u021bi studen\u021bi ai facult\u0103\u021bilor de drept pe care le reprezint\u0103\u201d.<\/span><\/p>\n<p><span style=\"font-size: 16px;\">\u201eMinisterul Educa\u021biei \u0219i Cercet\u0103rii sus\u021bine dezvoltarea unui \u00eenv\u0103\u021b\u0103m\u00e2nt superior de calitate, capabil s\u0103 formeze profesioni\u0219ti competitivi, dar \u0219i cet\u0103\u021beni responsabili. \u00cen cazul studiilor juridice, aceast\u0103 misiune este cu at\u00e2t mai important\u0103, \u00eentruc\u00e2t calitatea form\u0103rii influen\u021beaz\u0103 direct cultura democratic\u0103 \u0219i buna func\u021bionare a institu\u021biilor statului\u201d, a men\u021bionat Adriana Cazacu.<\/span><\/p>\n<p><span style=\"font-size: 16px;\">\u00cen cadrul competi\u021biei, studen\u021bii vor concura la diverse probe \u0219tiin\u021bifice la disciplinele Drept civil, Drept penal, Drept constitu\u021bional \u0219i institu\u021bii politice, precum \u0219i la probe sportive &#8211; \u0219ah, streetball, fotbal \u0219i tenis de mas\u0103, care vor pune \u00een valoare excelen\u021ba \u00een domeniul \u00eenv\u0103\u021b\u0103m\u00e2ntului juridic, exigen\u021ba \u00een preg\u0103tirea \u0219i evaluarea studen\u021bilor \u0219i responsabilitatea fa\u021b\u0103 de viitorul acestora.<\/span><\/p>\n<p><span style=\"font-size: 16px;\">Detalii \u00een comunicat: <a href=\"https:\/\/bit.ly\/42aaenb?fbclid=IwZXh0bgNhZW0CMTAAYnJpZBExWmlVN1ZSQUNrMGRJOTJna3NydGMGYXBwX2lkEDIyMjAzOTE3ODgyMDA4OTIAAR5rJs94u22z4F0x074Slz0GwNr7KcNKwloEh8frdSW6dUVGxwN2Vgo3KoVceg_aem_NzA1yNBDWAnBgUPReONfaw\"><strong>https:\/\/bit.ly\/42aaenb<\/strong><\/a><\/span><\/p>\n<p><img fetchpriority=\"high\" decoding=\"async\" class=\"alignnone size-medium wp-image-19330\" src=\"https:\/\/drept.usm.md\/wp-content\/uploads\/677269467_1279328234381712_2915141731652806658_n-300x169.jpg\" alt=\"\" width=\"300\" height=\"169\" \/> <img decoding=\"async\" class=\"alignnone size-medium wp-image-19331\" src=\"https:\/\/drept.usm.md\/wp-content\/uploads\/678598070_1279328881048314_3259945774816347571_n-300x169.jpg\" alt=\"\" width=\"300\" height=\"169\" \/> <img decoding=\"async\" class=\"alignnone size-medium wp-image-19332\" src=\"https:\/\/drept.usm.md\/wp-content\/uploads\/678752466_1279328567715012_3098365771112160781_n-300x184.jpg\" alt=\"\" width=\"300\" height=\"184\" \/> <img loading=\"lazy\" decoding=\"async\" class=\"alignnone size-medium wp-image-19333\" src=\"https:\/\/drept.usm.md\/wp-content\/uploads\/678765168_1279328664381669_7204629216912831084_n-300x140.jpg\" alt=\"\" width=\"300\" height=\"140\" \/> <img loading=\"lazy\" decoding=\"async\" class=\"alignnone size-medium wp-image-19334\" src=\"https:\/\/drept.usm.md\/wp-content\/uploads\/678770992_1279328431048359_6331599226499822462_n-300x161.jpg\" alt=\"\" width=\"300\" height=\"161\" \/> <img loading=\"lazy\" decoding=\"async\" class=\"alignnone size-medium wp-image-19335\" src=\"https:\/\/drept.usm.md\/wp-content\/uploads\/678995780_1279328291048373_1813102505665274491_n-300x169.jpg\" alt=\"\" width=\"300\" height=\"169\" \/> <img loading=\"lazy\" decoding=\"async\" class=\"alignnone size-medium wp-image-19336\" src=\"https:\/\/drept.usm.md\/wp-content\/uploads\/679099591_1279328341048368_8956786212679186046_n-300x143.jpg\" alt=\"\" width=\"300\" height=\"143\" \/> <img loading=\"lazy\" decoding=\"async\" class=\"alignnone size-medium wp-image-19337\" src=\"https:\/\/drept.usm.md\/wp-content\/uploads\/679192829_1279328814381654_1773046460163748495_n-300x169.jpg\" alt=\"\" width=\"300\" height=\"169\" \/> <img loading=\"lazy\" decoding=\"async\" class=\"alignnone size-medium wp-image-19338\" src=\"https:\/\/drept.usm.md\/wp-content\/uploads\/679860480_1279328161048386_3592010089510257776_n-1-300x198.jpg\" alt=\"\" width=\"300\" height=\"198\" \/> <img loading=\"lazy\" decoding=\"async\" class=\"alignnone size-medium wp-image-19339\" src=\"https:\/\/drept.usm.md\/wp-content\/uploads\/679860480_1279328161048386_3592010089510257776_n-300x198.jpg\" alt=\"\" width=\"300\" height=\"198\" \/><\/p>","protected":false},"excerpt":{"rendered":"<p>Circa 200 de studen\u021bi de la mai multe universit\u0103\u021bi din Republica Moldova \u0219i Rom\u00e2nia s-au \u00eentrunit \u00eentr-o nou\u0103 edi\u021bie a Concursului studen\u021besc \u201eHexagonul Facult\u0103\u021bilor de Drept\u201d. Evenimentul are loc la Chi\u0219in\u0103u \u00een perioada 22-25 aprilie, curent, \u0219i este organizat de Facultatea de Drept a Universit\u0103\u021bii de Stat din Moldova. Concursul are tradi\u021bii frumoase, constituite \u0219i&hellip; <br \/> <a class=\"read-more\" href=\"https:\/\/drept.usm.md\/?p=19329\">Cite\u0219te mai mult<\/a><\/p>\n","protected":false},"author":7,"featured_media":19333,"comment_status":"closed","ping_status":"closed","sticky":false,"template":"","format":"standard","meta":{"wp_social_preview_title":"","wp_social_preview_description":"","wp_social_preview_image":0,"footnotes":""},"categories":[4],"tags":[],"class_list":["post-19329","post","type-post","status-publish","format-standard","has-post-thumbnail","hentry","category-evenimente"],"rttpg_featured_image_url":{"full":["https:\/\/drept.usm.md\/wp-content\/uploads\/678765168_1279328664381669_7204629216912831084_n-scaled.jpg",2560,1193,false],"landscape":["https:\/\/drept.usm.md\/wp-content\/uploads\/678765168_1279328664381669_7204629216912831084_n-scaled.jpg",2560,1193,false],"portraits":["https:\/\/drept.usm.md\/wp-content\/uploads\/678765168_1279328664381669_7204629216912831084_n-scaled.jpg",2560,1193,false],"thumbnail":["https:\/\/drept.usm.md\/wp-content\/uploads\/678765168_1279328664381669_7204629216912831084_n-150x150.jpg",150,150,true],"medium":["https:\/\/drept.usm.md\/wp-content\/uploads\/678765168_1279328664381669_7204629216912831084_n-300x140.jpg",300,140,true],"large":["https:\/\/drept.usm.md\/wp-content\/uploads\/678765168_1279328664381669_7204629216912831084_n-1024x477.jpg",1024,477,true],"1536x1536":["https:\/\/drept.usm.md\/wp-content\/uploads\/678765168_1279328664381669_7204629216912831084_n-1536x716.jpg",1536,716,true],"2048x2048":["https:\/\/drept.usm.md\/wp-content\/uploads\/678765168_1279328664381669_7204629216912831084_n-2048x954.jpg",2048,954,true],"htmega_size_585x295":["https:\/\/drept.usm.md\/wp-content\/uploads\/678765168_1279328664381669_7204629216912831084_n-585x295.jpg",585,295,true],"htmega_size_1170x536":["https:\/\/drept.usm.md\/wp-content\/uploads\/678765168_1279328664381669_7204629216912831084_n-1170x536.jpg",1170,536,true],"htmega_size_396x360":["https:\/\/drept.usm.md\/wp-content\/uploads\/678765168_1279328664381669_7204629216912831084_n-396x360.jpg",396,360,true],"post-thumbnail":["https:\/\/drept.usm.md\/wp-content\/uploads\/678765168_1279328664381669_7204629216912831084_n-1024x477.jpg",1024,477,true],"mesmerize-full-hd":["https:\/\/drept.usm.md\/wp-content\/uploads\/678765168_1279328664381669_7204629216912831084_n-1920x894.jpg",1920,894,true],"wp_social_preview_default":["https:\/\/drept.usm.md\/wp-content\/uploads\/678765168_1279328664381669_7204629216912831084_n-1200x630.jpg",1200,630,true],"wp_social_preview_twitter":["https:\/\/drept.usm.md\/wp-content\/uploads\/678765168_1279328664381669_7204629216912831084_n-1200x600.jpg",1200,600,true],"wp_social_preview_twitter_square":["https:\/\/drept.usm.md\/wp-content\/uploads\/678765168_1279328664381669_7204629216912831084_n-600x600.jpg",600,600,true]},"rttpg_author":{"display_name":"Drept Facultatea","author_link":"https:\/\/drept.usm.md\/?author=7"},"rttpg_comment":0,"rttpg_category":"<a href=\"https:\/\/drept.usm.md\/?cat=4\" rel=\"category\">Evenimente<\/a>","rttpg_excerpt":"Circa 200 de studen\u021bi de la mai multe universit\u0103\u021bi din Republica Moldova \u0219i Rom\u00e2nia s-au \u00eentrunit \u00eentr-o nou\u0103 edi\u021bie a Concursului studen\u021besc \u201eHexagonul Facult\u0103\u021bilor de Drept\u201d. Evenimentul are loc la Chi\u0219in\u0103u \u00een perioada 22-25 aprilie, curent, \u0219i este organizat de Facultatea de Drept a Universit\u0103\u021bii de Stat din Moldova. Concursul are tradi\u021bii frumoase, constituite \u0219i&hellip;&hellip;","_links":{"self":[{"href":"https:\/\/drept.usm.md\/index.php?rest_route=\/wp\/v2\/posts\/19329","targetHints":{"allow":["GET"]}}],"collection":[{"href":"https:\/\/drept.usm.md\/index.php?rest_route=\/wp\/v2\/posts"}],"about":[{"href":"https:\/\/drept.usm.md\/index.php?rest_route=\/wp\/v2\/types\/post"}],"author":[{"embeddable":true,"href":"https:\/\/drept.usm.md\/index.php?rest_route=\/wp\/v2\/users\/7"}],"replies":[{"embeddable":true,"href":"https:\/\/drept.usm.md\/index.php?rest_route=%2Fwp%2Fv2%2Fcomments&post=19329"}],"version-history":[{"count":1,"href":"https:\/\/drept.usm.md\/index.php?rest_route=\/wp\/v2\/posts\/19329\/revisions"}],"predecessor-version":[{"id":19340,"href":"https:\/\/drept.usm.md\/index.php?rest_route=\/wp\/v2\/posts\/19329\/revisions\/19340"}],"wp:featuredmedia":[{"embeddable":true,"href":"https:\/\/drept.usm.md\/index.php?rest_route=\/wp\/v2\/media\/19333"}],"wp:attachment":[{"href":"https:\/\/drept.usm.md\/index.php?rest_route=%2Fwp%2Fv2%2Fmedia&parent=19329"}],"wp:term":[{"taxonomy":"category","embeddable":true,"href":"https:\/\/drept.usm.md\/index.php?rest_route=%2Fwp%2Fv2%2Fcategories&post=19329"},{"taxonomy":"post_tag","embeddable":true,"href":"https:\/\/drept.usm.md\/index.php?rest_route=%2Fwp%2Fv2%2Ftags&post=19329"}],"curies":[{"name":"wp","href":"https:\/\/api.w.org\/{rel}","templated":true}]}}