{"id":19341,"date":"2026-04-27T11:34:02","date_gmt":"2026-04-27T08:34:02","guid":{"rendered":"https:\/\/drept.usm.md\/?p=19341"},"modified":"2026-04-27T11:34:02","modified_gmt":"2026-04-27T08:34:02","slug":"conferinta-juridica-reforma-justitiei-si-cariera-pentru-tineri","status":"publish","type":"post","link":"https:\/\/drept.usm.md\/?p=19341","title":{"rendered":"Conferin\u021b\u0103 juridic\u0103 \u2013 Reforma justi\u021biei \u0219i cariera pentru tineri"},"content":{"rendered":"<p><\/p>\n<div><strong>Conferin\u021b\u0103 juridic\u0103 \u2013 Reforma justi\u021biei \u0219i cariera pentru tineri<\/strong><\/div>\n<div><strong>Facultatea de Drept a Universitatea de Stat din Moldova, \u00een parteneriat cu ELSA Moldova, organizeaz\u0103 o conferin\u021b\u0103 dedicat\u0103 temelor actuale din domeniul juridic: reforma sistemului de justi\u021bie, politici legislative \u0219i oportunit\u0103\u021bi de carier\u0103 pentru tineri.<\/strong><\/div>\n<div><strong>Evenimentul va avea loc la Chi\u0219in\u0103u, \u00een incinta Facult\u0103\u021bii de Drept, la data de 28 aprilie 2026, \u00een intervalul 14:30 \u2013 18:30.<\/strong><\/div>\n<div><strong>Invitat special:<\/strong><\/div>\n<div><strong>Vladislav Cojuhari, al\u0103turi de reprezentan\u021bi ai Ministerul Justi\u021biei al Republicii Moldova<\/strong><\/div>\n<div><strong>Conferin\u021ba ofer\u0103 participan\u021bilor oportunitatea de a interac\u021biona direct cu profesioni\u0219ti din domeniul juridic, de a \u00een\u021belege direc\u021biile de dezvoltare ale sistemului de justi\u021bie \u0219i de a explora perspectivele unei cariere \u00een drept.<\/strong><\/div>\n<div><strong>Participarea este deschis\u0103 studen\u021bilor, masteranzilor \u0219i tuturor celor interesa\u021bi de domeniul juridic.<\/strong><\/div>\n<div><\/div>\n<div><img fetchpriority=\"high\" decoding=\"async\" class=\"alignnone size-medium wp-image-19342\" src=\"https:\/\/drept.usm.md\/wp-content\/uploads\/image-27-04-26-11-01-240x300.jpeg\" alt=\"\" width=\"240\" height=\"300\" \/><\/div>\n<p><\/p>","protected":false},"excerpt":{"rendered":"<p>Conferin\u021b\u0103 juridic\u0103 \u2013 Reforma justi\u021biei \u0219i cariera pentru tineri Facultatea de Drept a Universitatea de Stat din Moldova, \u00een parteneriat cu ELSA Moldova, organizeaz\u0103 o conferin\u021b\u0103 dedicat\u0103 temelor actuale din domeniul juridic: reforma sistemului de justi\u021bie, politici legislative \u0219i oportunit\u0103\u021bi de carier\u0103 pentru tineri. Evenimentul va avea loc la Chi\u0219in\u0103u, \u00een incinta Facult\u0103\u021bii de Drept,&hellip; <br \/> <a class=\"read-more\" href=\"https:\/\/drept.usm.md\/?p=19341\">Cite\u0219te mai mult<\/a><\/p>\n","protected":false},"author":7,"featured_media":19342,"comment_status":"closed","ping_status":"closed","sticky":false,"template":"","format":"standard","meta":{"wp_social_preview_title":"","wp_social_preview_description":"","wp_social_preview_image":0,"footnotes":""},"categories":[5],"tags":[],"class_list":["post-19341","post","type-post","status-publish","format-standard","has-post-thumbnail","hentry","category-anunturi"],"rttpg_featured_image_url":{"full":["https:\/\/drept.usm.md\/wp-content\/uploads\/image-27-04-26-11-01.jpeg",1280,1600,false],"landscape":["https:\/\/drept.usm.md\/wp-content\/uploads\/image-27-04-26-11-01.jpeg",1280,1600,false],"portraits":["https:\/\/drept.usm.md\/wp-content\/uploads\/image-27-04-26-11-01.jpeg",1280,1600,false],"thumbnail":["https:\/\/drept.usm.md\/wp-content\/uploads\/image-27-04-26-11-01-150x150.jpeg",150,150,true],"medium":["https:\/\/drept.usm.md\/wp-content\/uploads\/image-27-04-26-11-01-240x300.jpeg",240,300,true],"large":["https:\/\/drept.usm.md\/wp-content\/uploads\/image-27-04-26-11-01-819x1024.jpeg",819,1024,true],"1536x1536":["https:\/\/drept.usm.md\/wp-content\/uploads\/image-27-04-26-11-01-1229x1536.jpeg",1229,1536,true],"2048x2048":["https:\/\/drept.usm.md\/wp-content\/uploads\/image-27-04-26-11-01.jpeg",1280,1600,false],"htmega_size_585x295":["https:\/\/drept.usm.md\/wp-content\/uploads\/image-27-04-26-11-01-585x295.jpeg",585,295,true],"htmega_size_1170x536":["https:\/\/drept.usm.md\/wp-content\/uploads\/image-27-04-26-11-01-1170x536.jpeg",1170,536,true],"htmega_size_396x360":["https:\/\/drept.usm.md\/wp-content\/uploads\/image-27-04-26-11-01-396x360.jpeg",396,360,true],"post-thumbnail":["https:\/\/drept.usm.md\/wp-content\/uploads\/image-27-04-26-11-01-1024x1280.jpeg",1024,1280,true],"mesmerize-full-hd":["https:\/\/drept.usm.md\/wp-content\/uploads\/image-27-04-26-11-01-864x1080.jpeg",864,1080,true],"wp_social_preview_default":["https:\/\/drept.usm.md\/wp-content\/uploads\/image-27-04-26-11-01-1200x630.jpeg",1200,630,true],"wp_social_preview_twitter":["https:\/\/drept.usm.md\/wp-content\/uploads\/image-27-04-26-11-01-1200x600.jpeg",1200,600,true],"wp_social_preview_twitter_square":["https:\/\/drept.usm.md\/wp-content\/uploads\/image-27-04-26-11-01-600x600.jpeg",600,600,true]},"rttpg_author":{"display_name":"Drept Facultatea","author_link":"https:\/\/drept.usm.md\/?author=7"},"rttpg_comment":0,"rttpg_category":"<a href=\"https:\/\/drept.usm.md\/?cat=5\" rel=\"category\">Anun\u021buri<\/a>","rttpg_excerpt":"Conferin\u021b\u0103 juridic\u0103 \u2013 Reforma justi\u021biei \u0219i cariera pentru tineri Facultatea de Drept a Universitatea de Stat din Moldova, \u00een parteneriat cu ELSA Moldova, organizeaz\u0103 o conferin\u021b\u0103 dedicat\u0103 temelor actuale din domeniul juridic: reforma sistemului de justi\u021bie, politici legislative \u0219i oportunit\u0103\u021bi de carier\u0103 pentru tineri. Evenimentul va avea loc la Chi\u0219in\u0103u, \u00een incinta Facult\u0103\u021bii de Drept,&hellip;&hellip;","_links":{"self":[{"href":"https:\/\/drept.usm.md\/index.php?rest_route=\/wp\/v2\/posts\/19341","targetHints":{"allow":["GET"]}}],"collection":[{"href":"https:\/\/drept.usm.md\/index.php?rest_route=\/wp\/v2\/posts"}],"about":[{"href":"https:\/\/drept.usm.md\/index.php?rest_route=\/wp\/v2\/types\/post"}],"author":[{"embeddable":true,"href":"https:\/\/drept.usm.md\/index.php?rest_route=\/wp\/v2\/users\/7"}],"replies":[{"embeddable":true,"href":"https:\/\/drept.usm.md\/index.php?rest_route=%2Fwp%2Fv2%2Fcomments&post=19341"}],"version-history":[{"count":1,"href":"https:\/\/drept.usm.md\/index.php?rest_route=\/wp\/v2\/posts\/19341\/revisions"}],"predecessor-version":[{"id":19343,"href":"https:\/\/drept.usm.md\/index.php?rest_route=\/wp\/v2\/posts\/19341\/revisions\/19343"}],"wp:featuredmedia":[{"embeddable":true,"href":"https:\/\/drept.usm.md\/index.php?rest_route=\/wp\/v2\/media\/19342"}],"wp:attachment":[{"href":"https:\/\/drept.usm.md\/index.php?rest_route=%2Fwp%2Fv2%2Fmedia&parent=19341"}],"wp:term":[{"taxonomy":"category","embeddable":true,"href":"https:\/\/drept.usm.md\/index.php?rest_route=%2Fwp%2Fv2%2Fcategories&post=19341"},{"taxonomy":"post_tag","embeddable":true,"href":"https:\/\/drept.usm.md\/index.php?rest_route=%2Fwp%2Fv2%2Ftags&post=19341"}],"curies":[{"name":"wp","href":"https:\/\/api.w.org\/{rel}","templated":true}]}}