{"id":19344,"date":"2026-04-23T11:50:49","date_gmt":"2026-04-23T08:50:49","guid":{"rendered":"https:\/\/drept.usm.md\/?p=19344"},"modified":"2026-04-27T11:53:50","modified_gmt":"2026-04-27T08:53:50","slug":"apel-inscriere-concursul-european-eu-moldova-stronger-together-eu-moldova-impreuna-mai-puternici-9-mai-2026","status":"publish","type":"post","link":"https:\/\/drept.usm.md\/?p=19344","title":{"rendered":"APEL \u00ceNSCRIERE- CONCURSUL EUROPEAN \u00ab EU \u2013 MOLDOVA: STRONGER TOGETHER\/ EU \u2013 MOLDOVA: \u00ceMPREUN\u0102 MAI PUTERNICI\u00bb \u2013 9 MAI 2026"},"content":{"rendered":"<p>Facultatea de Drept a Universit\u0103\u021bii de Stat din Moldova anun\u021b\u0103 lansarea concursului european <strong>\u201eUE \u2013 Moldova: \u00eempreun\u0103 mai puternici\u201d<\/strong>, organizat \u00een cadrul proiectului Jean Monnet <strong>EU4JUST-RE \u2013 \u201eO Europ\u0103 mai puternic\u0103 \u00eempreun\u0103 cu Moldova: consolidarea drepturilor consumatorilor prin mediere \u0219i inovare juridic\u0103\u201d<\/strong>, finan\u021bat prin Programul Erasmus+ al Uniunii Europene.<\/p>\n<p>Concursul este organizat \u00een contextul celebr\u0103rii <strong>Zilei Europei \u2013 9 Mai<\/strong>, av\u00e2nd drept scop promovarea valorilor Uniunii Europene \u0219i implicarea activ\u0103 a tinerilor \u0219i societ\u0103\u021bii civile \u00een procesul de integrare european\u0103 a Republicii Moldova.<\/p>\n<p><strong>Despre concurs<\/strong><\/p>\n<p>Prin acest concurs, participan\u021bii sunt invita\u021bi s\u0103 exprime, \u00eentr-o manier\u0103 creativ\u0103 \u0219i original\u0103, viziunea lor asupra rela\u021biei dintre Uniunea European\u0103 \u0219i Republica Moldova, eviden\u021biind rolul valorilor europene \u00een dezvoltarea unei societ\u0103\u021bi moderne, democratice \u0219i orientate spre drepturile fundamentale.<\/p>\n<p>Ini\u021biativa contribuie la diseminarea rezultatelor proiectului EU4JUST-RE \u0219i la consolidarea dialogului dintre mediul academic, profesioni\u0219ti \u0219i publicul larg, \u00een special \u00een domenii precum protec\u021bia consumatorilor, accesul la justi\u021bie \u0219i mecanismele alternative de solu\u021bionare a litigiilor (ADR).<\/p>\n<p><strong>Cine poate participa<\/strong><\/p>\n<p>Concursul este deschis tuturor persoanelor interesate, \u00een special:<\/p>\n<ul>\n<li>studen\u021bilor \u0219i elevilor;<\/li>\n<li>tinerilor cu v\u00e2rsta \u00eentre 18 \u0219i 35 de ani;<\/li>\n<li>reprezentan\u021bilor societ\u0103\u021bii civile.<\/li>\n<\/ul>\n<p>Participarea este permis\u0103 at\u00e2t individual, c\u00e2t \u0219i \u00een echipe formate din maximum <strong>3 persoane<\/strong>, \u00eencuraj\u00e2nd colaborarea \u0219i schimbul de idei.<\/p>\n<p><strong>Categorii de concurs<\/strong><\/p>\n<p>Participan\u021bii pot opta pentru una sau ambele dintre urm\u0103toarele categorii:<\/p>\n<ul>\n<li><strong>Poster tematic<\/strong><\/li>\n<li><strong>Video tematic (3\u20135 minute)<\/strong><\/li>\n<\/ul>\n<p><strong>Tematica lucr\u0103rilor<\/strong><\/p>\n<p>Tema general\u0103 a concursului este:<\/p>\n<p><strong>\u201eUE \u2013 Moldova: \u00eempreun\u0103 mai puternici\u201d<\/strong><\/p>\n<p>Lucr\u0103rile pot aborda, \u00eentr-o manier\u0103 creativ\u0103:<\/p>\n<ul>\n<li>integrarea european\u0103 a Republicii Moldova;<\/li>\n<li>valorile Uniunii Europene (democra\u021bie, stat de drept, solidaritate);<\/li>\n<li>rolul UE \u00een dezvoltarea societ\u0103\u021bii;<\/li>\n<li>drepturile consumatorilor;<\/li>\n<li>medierea \u0219i inovarea juridic\u0103.<\/li>\n<\/ul>\n<p><strong>Cerin\u021be tehnice<\/strong><\/p>\n<p>\ud83d\udd39 <strong>Poster:<\/strong><\/p>\n<ul>\n<li>format digital (PDF, JPG sau PNG);<\/li>\n<li>dimensiuni A3 sau A2;<\/li>\n<li>rezolu\u021bie minim 300 dpi.<\/li>\n<\/ul>\n<p>\ud83d\udd39 <strong>Video:<\/strong><\/p>\n<ul>\n<li>durat\u0103: 3\u20135 minute;<\/li>\n<li>format: MP4 sau MOV;<\/li>\n<li>calitate minim HD.<\/li>\n<\/ul>\n<p>Lucr\u0103rile pot fi realizate \u00een limbile:<br \/>\n<strong>rom\u00e2n\u0103, englez\u0103, francez\u0103 sau rus\u0103<\/strong>.<\/p>\n<p><strong>Calendarul concursului<\/strong><\/p>\n<ul>\n<li>\ud83d\udcc5 Lansare: <strong>10 aprilie 2026<\/strong><\/li>\n<li>\ud83d\udce9 Termen limit\u0103 pentru depunere: <strong>10 mai 2026, ora 23:59<\/strong><\/li>\n<li>\ud83c\udfc6 Premiere: <strong>15 mai 2026<\/strong>, ora 10:00<\/li>\n<li>\ud83d\udccd Loca\u021bie: Facultatea de Drept, USM, sala 119<\/li>\n<\/ul>\n<p><strong>\u00censcriere<\/strong><\/p>\n<p>Lucr\u0103rile vor fi transmise la adresa:<br \/>\n\ud83d\udce7 <strong>eu4just@gmail.com<\/strong><\/p>\n<p>Dosarul de participare trebuie s\u0103 includ\u0103:<\/p>\n<ul>\n<li>lucrarea (poster sau video);<\/li>\n<li>numele \u0219i prenumele participantului\/participan\u021bilor;<\/li>\n<li>v\u00e2rsta;<\/li>\n<li>institu\u021bia (dac\u0103 este cazul);<\/li>\n<li>date de contact.<\/li>\n<\/ul>\n<p><strong>Evaluare \u0219i premii<\/strong><\/p>\n<p>Lucr\u0103rile vor fi evaluate de o comisie de exper\u021bi, \u00een baza criteriilor de:<\/p>\n<ul>\n<li>originalitate \u0219i creativitate;<\/li>\n<li>relevan\u021b\u0103 pentru tem\u0103;<\/li>\n<li>claritate \u0219i impact;<\/li>\n<li>calitate tehnic\u0103.<\/li>\n<\/ul>\n<p>Cele mai bune lucr\u0103ri vor fi premiate (Premiul I, II \u0219i III), iar toate contribu\u021biile selectate vor fi promovate \u00een mediul online \u0219i \u00een cadrul activit\u0103\u021bilor proiectului.<\/p>\n<p><strong>Regulamentul complet<\/strong><\/p>\n<p>Regulamentul concursului poate fi consultat aici:<br \/>\n\ud83d\udc49 <a href=\"https:\/\/bit.ly\/4tCfsnq\">https:\/\/bit.ly\/4tCfsnq<\/a><\/p>\n<p><strong>Despre proiect<\/strong><\/p>\n<p>Proiectul Jean Monnet EU4JUST-RE contribuie la consolidarea culturii juridice europene \u00een Republica Moldova, promov\u00e2nd drepturile consumatorilor, medierea \u0219i instrumentele moderne de acces la justi\u021bie. Acesta creeaz\u0103 pun\u021bi \u00eentre mediul academic, profesioni\u0219ti \u0219i societate, sus\u021bin\u00e2nd o Europ\u0103 mai puternic\u0103 \u0219i mai conectat\u0103.<\/p>\n<p><strong>Men\u021biune privind finan\u021barea<\/strong><\/p>\n<p><em>Aceast\u0103 activitate a fost realizat\u0103 cu sprijinul Uniunii Europene, prin Programul Erasmus+, Proiectul Jean Monnet \u201eEU4JUST-RE \u2013 O Europ\u0103 mai puternic\u0103 \u00eempreun\u0103 cu Moldova: consolidarea drepturilor consumatorilor prin mediere \u0219i inovare juridic\u0103\u201d (Nr. proiect 101238371), implementat de Universitatea de Stat din Moldova.<\/em><\/p>\n<p><em>Finan\u021bat de Uniunea European\u0103. Opiniile \u0219i punctele de vedere exprimate apar\u021bin exclusiv autorilor \u0219i nu reflect\u0103 neap\u0103rat pozi\u021bia Uniunii Europene sau a Agen\u021biei Executive Europene pentru Educa\u021bie \u0219i Cultur\u0103 (EACEA). Nici Uniunea European\u0103 \u0219i nici autoritatea finan\u021batoare nu pot fi considerate responsabile pentru acestea.<\/em><\/p>\n<p>&nbsp;<\/p>","protected":false},"excerpt":{"rendered":"<p>Facultatea de Drept a Universit\u0103\u021bii de Stat din Moldova anun\u021b\u0103 lansarea concursului european \u201eUE \u2013 Moldova: \u00eempreun\u0103 mai puternici\u201d, organizat \u00een cadrul proiectului Jean Monnet EU4JUST-RE \u2013 \u201eO Europ\u0103 mai puternic\u0103 \u00eempreun\u0103 cu Moldova: consolidarea drepturilor consumatorilor prin mediere \u0219i inovare juridic\u0103\u201d, finan\u021bat prin Programul Erasmus+ al Uniunii Europene. Concursul este organizat \u00een contextul celebr\u0103rii&hellip; <br \/> <a class=\"read-more\" href=\"https:\/\/drept.usm.md\/?p=19344\">Cite\u0219te mai mult<\/a><\/p>\n","protected":false},"author":7,"featured_media":19345,"comment_status":"closed","ping_status":"closed","sticky":false,"template":"","format":"standard","meta":{"wp_social_preview_title":"","wp_social_preview_description":"","wp_social_preview_image":0,"footnotes":""},"categories":[5],"tags":[],"class_list":["post-19344","post","type-post","status-publish","format-standard","has-post-thumbnail","hentry","category-anunturi"],"rttpg_featured_image_url":{"full":["https:\/\/drept.usm.md\/wp-content\/uploads\/image-27-04-26-11-50.jpeg",1600,1131,false],"landscape":["https:\/\/drept.usm.md\/wp-content\/uploads\/image-27-04-26-11-50.jpeg",1600,1131,false],"portraits":["https:\/\/drept.usm.md\/wp-content\/uploads\/image-27-04-26-11-50.jpeg",1600,1131,false],"thumbnail":["https:\/\/drept.usm.md\/wp-content\/uploads\/image-27-04-26-11-50-150x150.jpeg",150,150,true],"medium":["https:\/\/drept.usm.md\/wp-content\/uploads\/image-27-04-26-11-50-300x212.jpeg",300,212,true],"large":["https:\/\/drept.usm.md\/wp-content\/uploads\/image-27-04-26-11-50-1024x724.jpeg",1024,724,true],"1536x1536":["https:\/\/drept.usm.md\/wp-content\/uploads\/image-27-04-26-11-50-1536x1086.jpeg",1536,1086,true],"2048x2048":["https:\/\/drept.usm.md\/wp-content\/uploads\/image-27-04-26-11-50.jpeg",1600,1131,false],"htmega_size_585x295":["https:\/\/drept.usm.md\/wp-content\/uploads\/image-27-04-26-11-50-585x295.jpeg",585,295,true],"htmega_size_1170x536":["https:\/\/drept.usm.md\/wp-content\/uploads\/image-27-04-26-11-50-1170x536.jpeg",1170,536,true],"htmega_size_396x360":["https:\/\/drept.usm.md\/wp-content\/uploads\/image-27-04-26-11-50-396x360.jpeg",396,360,true],"post-thumbnail":["https:\/\/drept.usm.md\/wp-content\/uploads\/image-27-04-26-11-50-1024x724.jpeg",1024,724,true],"mesmerize-full-hd":["https:\/\/drept.usm.md\/wp-content\/uploads\/image-27-04-26-11-50-1528x1080.jpeg",1528,1080,true],"wp_social_preview_default":["https:\/\/drept.usm.md\/wp-content\/uploads\/image-27-04-26-11-50-1200x630.jpeg",1200,630,true],"wp_social_preview_twitter":["https:\/\/drept.usm.md\/wp-content\/uploads\/image-27-04-26-11-50-1200x600.jpeg",1200,600,true],"wp_social_preview_twitter_square":["https:\/\/drept.usm.md\/wp-content\/uploads\/image-27-04-26-11-50-600x600.jpeg",600,600,true]},"rttpg_author":{"display_name":"Drept Facultatea","author_link":"https:\/\/drept.usm.md\/?author=7"},"rttpg_comment":0,"rttpg_category":"<a href=\"https:\/\/drept.usm.md\/?cat=5\" rel=\"category\">Anun\u021buri<\/a>","rttpg_excerpt":"Facultatea de Drept a Universit\u0103\u021bii de Stat din Moldova anun\u021b\u0103 lansarea concursului european \u201eUE \u2013 Moldova: \u00eempreun\u0103 mai puternici\u201d, organizat \u00een cadrul proiectului Jean Monnet EU4JUST-RE \u2013 \u201eO Europ\u0103 mai puternic\u0103 \u00eempreun\u0103 cu Moldova: consolidarea drepturilor consumatorilor prin mediere \u0219i inovare juridic\u0103\u201d, finan\u021bat prin Programul Erasmus+ al Uniunii Europene. Concursul este organizat \u00een contextul celebr\u0103rii&hellip;&hellip;","_links":{"self":[{"href":"https:\/\/drept.usm.md\/index.php?rest_route=\/wp\/v2\/posts\/19344","targetHints":{"allow":["GET"]}}],"collection":[{"href":"https:\/\/drept.usm.md\/index.php?rest_route=\/wp\/v2\/posts"}],"about":[{"href":"https:\/\/drept.usm.md\/index.php?rest_route=\/wp\/v2\/types\/post"}],"author":[{"embeddable":true,"href":"https:\/\/drept.usm.md\/index.php?rest_route=\/wp\/v2\/users\/7"}],"replies":[{"embeddable":true,"href":"https:\/\/drept.usm.md\/index.php?rest_route=%2Fwp%2Fv2%2Fcomments&post=19344"}],"version-history":[{"count":1,"href":"https:\/\/drept.usm.md\/index.php?rest_route=\/wp\/v2\/posts\/19344\/revisions"}],"predecessor-version":[{"id":19346,"href":"https:\/\/drept.usm.md\/index.php?rest_route=\/wp\/v2\/posts\/19344\/revisions\/19346"}],"wp:featuredmedia":[{"embeddable":true,"href":"https:\/\/drept.usm.md\/index.php?rest_route=\/wp\/v2\/media\/19345"}],"wp:attachment":[{"href":"https:\/\/drept.usm.md\/index.php?rest_route=%2Fwp%2Fv2%2Fmedia&parent=19344"}],"wp:term":[{"taxonomy":"category","embeddable":true,"href":"https:\/\/drept.usm.md\/index.php?rest_route=%2Fwp%2Fv2%2Fcategories&post=19344"},{"taxonomy":"post_tag","embeddable":true,"href":"https:\/\/drept.usm.md\/index.php?rest_route=%2Fwp%2Fv2%2Ftags&post=19344"}],"curies":[{"name":"wp","href":"https:\/\/api.w.org\/{rel}","templated":true}]}}