{"id":19943,"date":"2026-08-30T10:56:32","date_gmt":"2026-08-30T07:56:32","guid":{"rendered":"https:\/\/drept.usm.md\/?p=19943"},"modified":"2026-08-30T11:22:40","modified_gmt":"2026-08-30T08:22:40","slug":"%f0%9f%8e%93-bun-venit-la-facultatea-de-drept-a-universitatii-de-stat-din-moldova","status":"publish","type":"post","link":"https:\/\/drept.usm.md\/?p=19943","title":{"rendered":"\ud83c\udf93 Bun venit la Facultatea de Drept a Universit\u0103\u021bii de Stat din Moldova!"},"content":{"rendered":"<p><\/p>\n<div><strong><img decoding=\"async\" class=\"an1\" draggable=\"false\" src=\"https:\/\/fonts.gstatic.com\/s\/e\/notoemoji\/17.0\/1f393\/72.png\" alt=\"\ud83c\udf93\" data-emoji=\"\ud83c\udf93\" aria-label=\"\ud83c\udf93\" \/><span style=\"font-size: 16px;\">\u00a0Bun venit la Facultatea de Drept a Universit\u0103\u021bii de Stat din Moldova!<\/span><\/strong><\/div>\n<div dir=\"auto\"><\/div>\n<div dir=\"auto\"><span style=\"font-size: 16px;\"><strong>La Facultatea de Drept a USM, a avut loc \u00eent\u00e2lnirea de bun venit cu studen\u021bii anului I \u2013 un prim pas \u00een parcursul lor academic \u0219i profesional \u00een domeniul juridic.<\/strong><\/span><\/div>\n<div dir=\"auto\"><\/div>\n<div dir=\"auto\"><span style=\"font-size: 16px;\"><strong>\u00cen anul universitar 2026\u20132027, peste 600 de studen\u021bi au fost \u00eenmatricula\u021bi \u00een anul I la Facultatea de Drept, confirm\u00e2nd interesul constant al tinerilor pentru studiile juridice \u0219i pentru oportunit\u0103\u021bile oferite de Universitatea de Stat din Moldova.<\/strong><\/span><\/div>\n<div dir=\"auto\"><\/div>\n<div dir=\"auto\"><span style=\"font-size: 16px;\"><strong>\u00cen cadrul \u00eent\u00e2lnirii, studen\u021bii au f\u0103cut cuno\u0219tin\u021b\u0103 cu echipa Facult\u0103\u021bii, cu structura \u0219i organizarea procesului de studii, precum \u0219i cu principalele oportunit\u0103\u021bi academice, extracurriculare \u0219i de dezvoltare profesional\u0103 care \u00eei a\u0219teapt\u0103 pe parcursul anilor de studen\u021bie.<\/strong><\/span><\/div>\n<div dir=\"auto\"><\/div>\n<div dir=\"auto\"><span style=\"font-size: 16px;\"><strong>Le dorim tuturor mult succes, curaj, perseveren\u021b\u0103 \u0219i c\u00e2t mai multe experien\u021be frumoase!<\/strong><\/span><\/div>\n<div dir=\"auto\"><\/div>\n<div dir=\"auto\"><span style=\"font-size: 16px;\"><strong>Bine a\u021bi venit \u00een comunitatea Facult\u0103\u021bii de Drept a USM!<\/strong><\/span><\/div>\n<div dir=\"auto\"><\/div>\n<div dir=\"auto\"><img fetchpriority=\"high\" decoding=\"async\" class=\"alignnone size-medium wp-image-19944\" src=\"https:\/\/drept.usm.md\/wp-content\/uploads\/photo_2026-08-29_20-47-30-300x240.jpg\" alt=\"\" width=\"300\" height=\"240\" \/><img decoding=\"async\" class=\"alignnone size-medium wp-image-19945\" src=\"https:\/\/drept.usm.md\/wp-content\/uploads\/IMG_5070-169x300.jpeg\" alt=\"\" width=\"169\" height=\"300\" \/><img decoding=\"async\" class=\"alignnone size-medium wp-image-19946\" src=\"https:\/\/drept.usm.md\/wp-content\/uploads\/IMG_5076-300x169.jpeg\" alt=\"\" width=\"300\" height=\"169\" \/><img loading=\"lazy\" decoding=\"async\" class=\"alignnone size-medium wp-image-19947\" src=\"https:\/\/drept.usm.md\/wp-content\/uploads\/photo_2026-08-29_20-47-19-300x225.jpg\" alt=\"\" width=\"300\" height=\"225\" \/><img loading=\"lazy\" decoding=\"async\" class=\"alignnone size-medium wp-image-19952\" src=\"https:\/\/drept.usm.md\/wp-content\/uploads\/\u0438\u0437\u043e\u0431\u0440\u0430\u0436\u0435\u043d\u0438\u0435_viber_2026-08-30_11-21-42-811-300x169.jpg\" alt=\"\" width=\"300\" height=\"169\" \/><img loading=\"lazy\" decoding=\"async\" class=\"alignnone size-medium wp-image-19948\" src=\"https:\/\/drept.usm.md\/wp-content\/uploads\/IMG_5074-300x169.jpeg\" alt=\"\" width=\"300\" height=\"169\" \/><img loading=\"lazy\" decoding=\"async\" class=\"alignnone size-medium wp-image-19949\" src=\"https:\/\/drept.usm.md\/wp-content\/uploads\/IMG_5077-300x169.jpeg\" alt=\"\" width=\"300\" height=\"169\" \/><img loading=\"lazy\" decoding=\"async\" class=\"alignnone size-medium wp-image-19950\" src=\"https:\/\/drept.usm.md\/wp-content\/uploads\/IMG_5064-300x169.jpeg\" alt=\"\" width=\"300\" height=\"169\" \/><\/div>\n<p><\/p>","protected":false},"excerpt":{"rendered":"<p>\u00a0Bun venit la Facultatea de Drept a Universit\u0103\u021bii de Stat din Moldova! La Facultatea de Drept a USM, a avut loc \u00eent\u00e2lnirea de bun venit cu studen\u021bii anului I \u2013 un prim pas \u00een parcursul lor academic \u0219i profesional \u00een domeniul juridic. \u00cen anul universitar 2026\u20132027, peste 600 de studen\u021bi au fost \u00eenmatricula\u021bi \u00een anul&hellip; <br \/> <a class=\"read-more\" href=\"https:\/\/drept.usm.md\/?p=19943\">Cite\u0219te mai mult<\/a><\/p>\n","protected":false},"author":7,"featured_media":19944,"comment_status":"closed","ping_status":"closed","sticky":false,"template":"","format":"standard","meta":{"wp_social_preview_title":"","wp_social_preview_description":"","wp_social_preview_image":0,"footnotes":""},"categories":[4],"tags":[],"class_list":["post-19943","post","type-post","status-publish","format-standard","has-post-thumbnail","hentry","category-evenimente"],"rttpg_featured_image_url":{"full":["https:\/\/drept.usm.md\/wp-content\/uploads\/photo_2026-08-29_20-47-30.jpg",1280,1024,false],"landscape":["https:\/\/drept.usm.md\/wp-content\/uploads\/photo_2026-08-29_20-47-30.jpg",1280,1024,false],"portraits":["https:\/\/drept.usm.md\/wp-content\/uploads\/photo_2026-08-29_20-47-30.jpg",1280,1024,false],"thumbnail":["https:\/\/drept.usm.md\/wp-content\/uploads\/photo_2026-08-29_20-47-30-150x150.jpg",150,150,true],"medium":["https:\/\/drept.usm.md\/wp-content\/uploads\/photo_2026-08-29_20-47-30-300x240.jpg",300,240,true],"large":["https:\/\/drept.usm.md\/wp-content\/uploads\/photo_2026-08-29_20-47-30-1024x819.jpg",1024,819,true],"1536x1536":["https:\/\/drept.usm.md\/wp-content\/uploads\/photo_2026-08-29_20-47-30.jpg",1280,1024,false],"2048x2048":["https:\/\/drept.usm.md\/wp-content\/uploads\/photo_2026-08-29_20-47-30.jpg",1280,1024,false],"htmega_size_585x295":["https:\/\/drept.usm.md\/wp-content\/uploads\/photo_2026-08-29_20-47-30-585x295.jpg",585,295,true],"htmega_size_1170x536":["https:\/\/drept.usm.md\/wp-content\/uploads\/photo_2026-08-29_20-47-30-1170x536.jpg",1170,536,true],"htmega_size_396x360":["https:\/\/drept.usm.md\/wp-content\/uploads\/photo_2026-08-29_20-47-30-396x360.jpg",396,360,true],"post-thumbnail":["https:\/\/drept.usm.md\/wp-content\/uploads\/photo_2026-08-29_20-47-30-1024x819.jpg",1024,819,true],"mesmerize-full-hd":["https:\/\/drept.usm.md\/wp-content\/uploads\/photo_2026-08-29_20-47-30.jpg",1280,1024,false],"wp_social_preview_default":["https:\/\/drept.usm.md\/wp-content\/uploads\/photo_2026-08-29_20-47-30-1200x630.jpg",1200,630,true],"wp_social_preview_twitter":["https:\/\/drept.usm.md\/wp-content\/uploads\/photo_2026-08-29_20-47-30-1200x600.jpg",1200,600,true],"wp_social_preview_twitter_square":["https:\/\/drept.usm.md\/wp-content\/uploads\/photo_2026-08-29_20-47-30-600x600.jpg",600,600,true]},"rttpg_author":{"display_name":"Drept Facultatea","author_link":"https:\/\/drept.usm.md\/?author=7"},"rttpg_comment":0,"rttpg_category":"<a href=\"https:\/\/drept.usm.md\/?cat=4\" rel=\"category\">Evenimente<\/a>","rttpg_excerpt":"\u00a0Bun venit la Facultatea de Drept a Universit\u0103\u021bii de Stat din Moldova! La Facultatea de Drept a USM, a avut loc \u00eent\u00e2lnirea de bun venit cu studen\u021bii anului I \u2013 un prim pas \u00een parcursul lor academic \u0219i profesional \u00een domeniul juridic. \u00cen anul universitar 2026\u20132027, peste 600 de studen\u021bi au fost \u00eenmatricula\u021bi \u00een anul&hellip;&hellip;","_links":{"self":[{"href":"https:\/\/drept.usm.md\/index.php?rest_route=\/wp\/v2\/posts\/19943","targetHints":{"allow":["GET"]}}],"collection":[{"href":"https:\/\/drept.usm.md\/index.php?rest_route=\/wp\/v2\/posts"}],"about":[{"href":"https:\/\/drept.usm.md\/index.php?rest_route=\/wp\/v2\/types\/post"}],"author":[{"embeddable":true,"href":"https:\/\/drept.usm.md\/index.php?rest_route=\/wp\/v2\/users\/7"}],"replies":[{"embeddable":true,"href":"https:\/\/drept.usm.md\/index.php?rest_route=%2Fwp%2Fv2%2Fcomments&post=19943"}],"version-history":[{"count":2,"href":"https:\/\/drept.usm.md\/index.php?rest_route=\/wp\/v2\/posts\/19943\/revisions"}],"predecessor-version":[{"id":19953,"href":"https:\/\/drept.usm.md\/index.php?rest_route=\/wp\/v2\/posts\/19943\/revisions\/19953"}],"wp:featuredmedia":[{"embeddable":true,"href":"https:\/\/drept.usm.md\/index.php?rest_route=\/wp\/v2\/media\/19944"}],"wp:attachment":[{"href":"https:\/\/drept.usm.md\/index.php?rest_route=%2Fwp%2Fv2%2Fmedia&parent=19943"}],"wp:term":[{"taxonomy":"category","embeddable":true,"href":"https:\/\/drept.usm.md\/index.php?rest_route=%2Fwp%2Fv2%2Fcategories&post=19943"},{"taxonomy":"post_tag","embeddable":true,"href":"https:\/\/drept.usm.md\/index.php?rest_route=%2Fwp%2Fv2%2Ftags&post=19943"}],"curies":[{"name":"wp","href":"https:\/\/api.w.org\/{rel}","templated":true}]}}